{"id":10242,"date":"2023-09-13T10:04:44","date_gmt":"2023-09-13T09:04:44","guid":{"rendered":"https:\/\/observatori-igualtat.es\/formulario-de-quejas-para-el-tratamiento-ilicito-de-la-imagen-de-las-mujeres\/"},"modified":"2025-11-04T13:15:56","modified_gmt":"2025-11-04T12:15:56","slug":"formulario-de-quejas-para-el-tratamiento-ilicito-de-la-imagen-de-las-mujeres","status":"publish","type":"post","link":"https:\/\/observatori-igualtat.es\/es\/formulario-de-quejas-para-el-tratamiento-ilicito-de-la-imagen-de-las-mujeres\/","title":{"rendered":"FORMULARIO DE QUEJAS PARA EL TRATAMIENTO IL\u00cdCITO DE LA IMAGEN DE LAS MUJERES"},"content":{"rendered":"\r\n<p>De acuerdo con la Ley 34\/1988, de 11 de noviembre, General de Publicidad, se considerar\u00e1 il\u00edcita la publicidad que presente \u201ca las mujeres de forma vejatoria, bien utilizando particular y directamente su cuerpo o partes del mismo como mero objeto desvinculado del producto que se pretende promocionar, bien su imagen asociada a comportamientos estereotipados que vulneren los fundamentos de nuestro ordenamiento coadyuvando a generar la violencia a que se refiere la Ley Org\u00e1nica 1\/2004, de 28 de diciembre, de Medidas de Protecci\u00f3n Integral contra la Violencia de G\u00e9nero y la Ley Org\u00e1nica de garant\u00eda integral de la libertad sexual.\u201d<\/p>\r\n\r\n\r\n\r\n<p>Tambi\u00e9n considera publicidad il\u00edcita \u201ccualquier forma de publicidad que coadyuve a generar violencia o discriminaci\u00f3n en cualquiera de sus manifestaciones sobre las personas menores de edad, o fomente estereotipos de car\u00e1cter sexista, racista, est\u00e9tico o de car\u00e1cter homof\u00f3bico o transf\u00f3bico o por razones de discapacidad, as\u00ed como la que promueva la prostituci\u00f3n.\u201d<\/p>\r\n\r\n\r\n\r\n<p>TITULARES DE ACCI\u00d3N, CESE Y RECTIFICACI\u00d3N DE LA PUBLICIDAD IL\u00cdCITA<\/p>\r\n\r\n\r\n\r\n<p>Cuando una publicidad se considere il\u00edcita por el uso vejatorio y\/o discriminatorio de la imagen de las mujeres, pueden solicitar al anunciante su cese y rectificaci\u00f3n:<\/p>\r\n\r\n\r\n\r\n<p>a) La Delegaci\u00f3n del Gobierno para la Violencia de G\u00e9nero.<br \/><strong>b) El Instituto de la Mujer o su equivalente en el \u00e1mbito auton\u00f3mico.<\/strong><br \/>c) Las asociaciones legalmente constituidas que tengan como objetivo \u00fanico la defensa de los intereses de la mujer y no incluyan como asociados a personas jur\u00eddicas con \u00e1nimo de lucro.<br \/>d) El Ministerio Fiscal.<\/p>\r\n\r\n\r\n\r\n<p>\u00bfC\u00d3MO PRESENTAR UNA QUEJA SOBRE PUBLICIDAD IL\u00cdCITA POR TRACTAR DE FORMA VEJATORIA O DISCRIMINATORIA A LAS MUJERES?<\/p>\r\n\r\n\r\n\r\n<p>Adjuntando el formulario que ten\u00e9is a continuaci\u00f3n al correo electr\u00f3nico <a href=\"mailto:ibdona@ibdona.caib.es\">ibdona@ibdona.caib.es<\/a><\/p>\r\n\r\n\r\n\r\n<p><a href=\"https:\/\/observatori-igualtat.es\/es\/areas-de-intervencion\/imagen-publica-de-las-mujeres\/\">Acceso al formulario de queja<\/a><\/p>\r\n","protected":false},"excerpt":{"rendered":"<p>De acuerdo con la Ley 34\/1988, de 11 de noviembre, General de Publicidad, se considerar\u00e1 il\u00edcita la publicidad que presente \u201ca las mujeres de forma vejatoria,<span class=\"excerpt-hellip\"> [\u2026]<\/span><\/p>\n","protected":false},"author":2,"featured_media":10240,"comment_status":"open","ping_status":"open","sticky":false,"template":"","format":"standard","meta":{"inline_featured_image":false,"footnotes":""},"categories":[12],"tags":[],"class_list":["post-10242","post","type-post","status-publish","format-standard","has-post-thumbnail","hentry","category-sin-categorizar"],"yoast_head":"<!-- This site is optimized with the Yoast SEO plugin v26.9 - https:\/\/yoast.com\/product\/yoast-seo-wordpress\/ -->\n<title>FORMULARIO DE QUEJAS PARA EL TRATAMIENTO IL\u00cdCITO DE LA IMAGEN DE LAS MUJERES - Observatori per a la igualtat<\/title>\n<meta name=\"robots\" content=\"index, follow, max-snippet:-1, max-image-preview:large, max-video-preview:-1\" \/>\n<link rel=\"canonical\" href=\"https:\/\/observatori-igualtat.es\/es\/formulario-de-quejas-para-el-tratamiento-ilicito-de-la-imagen-de-las-mujeres\/\" \/>\n<meta property=\"og:locale\" content=\"es_ES\" \/>\n<meta property=\"og:type\" content=\"article\" \/>\n<meta property=\"og:title\" content=\"FORMULARIO DE QUEJAS PARA EL TRATAMIENTO IL\u00cdCITO DE LA IMAGEN DE LAS MUJERES - Observatori per a la igualtat\" \/>\n<meta property=\"og:description\" content=\"De acuerdo con la Ley 34\/1988, de 11 de noviembre, General de Publicidad, se considerar\u00e1 il\u00edcita la publicidad que presente \u201ca las mujeres de forma vejatoria, [\u2026]\" \/>\n<meta property=\"og:url\" content=\"https:\/\/observatori-igualtat.es\/es\/formulario-de-quejas-para-el-tratamiento-ilicito-de-la-imagen-de-las-mujeres\/\" \/>\n<meta property=\"og:site_name\" content=\"Observatori per a la igualtat\" \/>\n<meta property=\"article:publisher\" content=\"https:\/\/www.facebook.com\/institutbaleardeladona\" \/>\n<meta property=\"article:published_time\" content=\"2023-09-13T09:04:44+00:00\" \/>\n<meta property=\"article:modified_time\" content=\"2025-11-04T12:15:56+00:00\" \/>\n<meta property=\"og:image\" content=\"https:\/\/observatori-igualtat.es\/wp-content\/uploads\/2023\/09\/ibdona.png\" \/>\n\t<meta property=\"og:image:width\" content=\"343\" \/>\n\t<meta property=\"og:image:height\" content=\"235\" \/>\n\t<meta property=\"og:image:type\" content=\"image\/png\" \/>\n<meta name=\"author\" content=\"Agn\u00e9s Rado\" \/>\n<meta name=\"twitter:card\" content=\"summary_large_image\" \/>\n<meta name=\"twitter:creator\" content=\"@IB_Dona\" \/>\n<meta name=\"twitter:site\" content=\"@IB_Dona\" \/>\n<meta name=\"twitter:label1\" content=\"Escrito por\" \/>\n\t<meta name=\"twitter:data1\" content=\"Agn\u00e9s Rado\" \/>\n\t<meta name=\"twitter:label2\" content=\"Tiempo de lectura\" \/>\n\t<meta name=\"twitter:data2\" content=\"2 minutos\" \/>\n<script type=\"application\/ld+json\" class=\"yoast-schema-graph\">{\"@context\":\"https:\/\/schema.org\",\"@graph\":[{\"@type\":\"Article\",\"@id\":\"https:\/\/observatori-igualtat.es\/es\/formulario-de-quejas-para-el-tratamiento-ilicito-de-la-imagen-de-las-mujeres\/#article\",\"isPartOf\":{\"@id\":\"https:\/\/observatori-igualtat.es\/es\/formulario-de-quejas-para-el-tratamiento-ilicito-de-la-imagen-de-las-mujeres\/\"},\"author\":{\"name\":\"Agn\u00e9s Rado\",\"@id\":\"https:\/\/observatori-igualtat.es\/#\/schema\/person\/dd01de9fe214c5f304f21c57563413a1\"},\"headline\":\"FORMULARIO DE QUEJAS PARA EL TRATAMIENTO IL\u00cdCITO DE LA IMAGEN DE LAS MUJERES\",\"datePublished\":\"2023-09-13T09:04:44+00:00\",\"dateModified\":\"2025-11-04T12:15:56+00:00\",\"mainEntityOfPage\":{\"@id\":\"https:\/\/observatori-igualtat.es\/es\/formulario-de-quejas-para-el-tratamiento-ilicito-de-la-imagen-de-las-mujeres\/\"},\"wordCount\":320,\"commentCount\":0,\"publisher\":{\"@id\":\"https:\/\/observatori-igualtat.es\/#organization\"},\"image\":{\"@id\":\"https:\/\/observatori-igualtat.es\/es\/formulario-de-quejas-para-el-tratamiento-ilicito-de-la-imagen-de-las-mujeres\/#primaryimage\"},\"thumbnailUrl\":\"https:\/\/observatori-igualtat.es\/wp-content\/uploads\/2023\/09\/ibdona.png\",\"articleSection\":[\"Sin categorizar\"],\"inLanguage\":\"es\",\"potentialAction\":[{\"@type\":\"CommentAction\",\"name\":\"Comment\",\"target\":[\"https:\/\/observatori-igualtat.es\/es\/formulario-de-quejas-para-el-tratamiento-ilicito-de-la-imagen-de-las-mujeres\/#respond\"]}]},{\"@type\":\"WebPage\",\"@id\":\"https:\/\/observatori-igualtat.es\/es\/formulario-de-quejas-para-el-tratamiento-ilicito-de-la-imagen-de-las-mujeres\/\",\"url\":\"https:\/\/observatori-igualtat.es\/es\/formulario-de-quejas-para-el-tratamiento-ilicito-de-la-imagen-de-las-mujeres\/\",\"name\":\"FORMULARIO DE QUEJAS PARA EL TRATAMIENTO IL\u00cdCITO DE LA IMAGEN DE LAS MUJERES - Observatori per a la igualtat\",\"isPartOf\":{\"@id\":\"https:\/\/observatori-igualtat.es\/#website\"},\"primaryImageOfPage\":{\"@id\":\"https:\/\/observatori-igualtat.es\/es\/formulario-de-quejas-para-el-tratamiento-ilicito-de-la-imagen-de-las-mujeres\/#primaryimage\"},\"image\":{\"@id\":\"https:\/\/observatori-igualtat.es\/es\/formulario-de-quejas-para-el-tratamiento-ilicito-de-la-imagen-de-las-mujeres\/#primaryimage\"},\"thumbnailUrl\":\"https:\/\/observatori-igualtat.es\/wp-content\/uploads\/2023\/09\/ibdona.png\",\"datePublished\":\"2023-09-13T09:04:44+00:00\",\"dateModified\":\"2025-11-04T12:15:56+00:00\",\"breadcrumb\":{\"@id\":\"https:\/\/observatori-igualtat.es\/es\/formulario-de-quejas-para-el-tratamiento-ilicito-de-la-imagen-de-las-mujeres\/#breadcrumb\"},\"inLanguage\":\"es\",\"potentialAction\":[{\"@type\":\"ReadAction\",\"target\":[\"https:\/\/observatori-igualtat.es\/es\/formulario-de-quejas-para-el-tratamiento-ilicito-de-la-imagen-de-las-mujeres\/\"]}]},{\"@type\":\"ImageObject\",\"inLanguage\":\"es\",\"@id\":\"https:\/\/observatori-igualtat.es\/es\/formulario-de-quejas-para-el-tratamiento-ilicito-de-la-imagen-de-las-mujeres\/#primaryimage\",\"url\":\"https:\/\/observatori-igualtat.es\/wp-content\/uploads\/2023\/09\/ibdona.png\",\"contentUrl\":\"https:\/\/observatori-igualtat.es\/wp-content\/uploads\/2023\/09\/ibdona.png\",\"width\":343,\"height\":235},{\"@type\":\"BreadcrumbList\",\"@id\":\"https:\/\/observatori-igualtat.es\/es\/formulario-de-quejas-para-el-tratamiento-ilicito-de-la-imagen-de-las-mujeres\/#breadcrumb\",\"itemListElement\":[{\"@type\":\"ListItem\",\"position\":1,\"name\":\"Portada\",\"item\":\"https:\/\/observatori-igualtat.es\/es\/\"},{\"@type\":\"ListItem\",\"position\":2,\"name\":\"FORMULARIO DE QUEJAS PARA EL TRATAMIENTO IL\u00cdCITO DE LA IMAGEN DE LAS MUJERES\"}]},{\"@type\":\"WebSite\",\"@id\":\"https:\/\/observatori-igualtat.es\/#website\",\"url\":\"https:\/\/observatori-igualtat.es\/\",\"name\":\"Observatori per a la igualtat\",\"description\":\"\",\"publisher\":{\"@id\":\"https:\/\/observatori-igualtat.es\/#organization\"},\"potentialAction\":[{\"@type\":\"SearchAction\",\"target\":{\"@type\":\"EntryPoint\",\"urlTemplate\":\"https:\/\/observatori-igualtat.es\/?s={search_term_string}\"},\"query-input\":{\"@type\":\"PropertyValueSpecification\",\"valueRequired\":true,\"valueName\":\"search_term_string\"}}],\"inLanguage\":\"es\"},{\"@type\":\"Organization\",\"@id\":\"https:\/\/observatori-igualtat.es\/#organization\",\"name\":\"Observatori per a la igualtat\",\"url\":\"https:\/\/observatori-igualtat.es\/\",\"logo\":{\"@type\":\"ImageObject\",\"inLanguage\":\"es\",\"@id\":\"https:\/\/observatori-igualtat.es\/#\/schema\/logo\/image\/\",\"url\":\"https:\/\/observatori-igualtat.es\/wp-content\/uploads\/2021\/11\/cropped-lupa-icon.png\",\"contentUrl\":\"https:\/\/observatori-igualtat.es\/wp-content\/uploads\/2021\/11\/cropped-lupa-icon.png\",\"width\":512,\"height\":512,\"caption\":\"Observatori per a la igualtat\"},\"image\":{\"@id\":\"https:\/\/observatori-igualtat.es\/#\/schema\/logo\/image\/\"},\"sameAs\":[\"https:\/\/www.facebook.com\/institutbaleardeladona\",\"https:\/\/x.com\/IB_Dona\",\"https:\/\/www.instagram.com\/ib_dona\",\"https:\/\/www.youtube.com\/channel\/UC8SGWsVp4ABV3Ljo3rb_EGw\"]},{\"@type\":\"Person\",\"@id\":\"https:\/\/observatori-igualtat.es\/#\/schema\/person\/dd01de9fe214c5f304f21c57563413a1\",\"name\":\"Agn\u00e9s Rado\",\"image\":{\"@type\":\"ImageObject\",\"inLanguage\":\"es\",\"@id\":\"https:\/\/observatori-igualtat.es\/#\/schema\/person\/image\/\",\"url\":\"https:\/\/secure.gravatar.com\/avatar\/d2819353ff8e25dce62d33bf06648a754887fb373e2cf8e6d0e4929818cb4093?s=96&d=mm&r=g\",\"contentUrl\":\"https:\/\/secure.gravatar.com\/avatar\/d2819353ff8e25dce62d33bf06648a754887fb373e2cf8e6d0e4929818cb4093?s=96&d=mm&r=g\",\"caption\":\"Agn\u00e9s Rado\"},\"url\":\"https:\/\/observatori-igualtat.es\/es\/author\/agnes\/\"}]}<\/script>\n<!-- \/ Yoast SEO plugin. -->","yoast_head_json":{"title":"FORMULARIO DE QUEJAS PARA EL TRATAMIENTO IL\u00cdCITO DE LA IMAGEN DE LAS MUJERES - Observatori per a la igualtat","robots":{"index":"index","follow":"follow","max-snippet":"max-snippet:-1","max-image-preview":"max-image-preview:large","max-video-preview":"max-video-preview:-1"},"canonical":"https:\/\/observatori-igualtat.es\/es\/formulario-de-quejas-para-el-tratamiento-ilicito-de-la-imagen-de-las-mujeres\/","og_locale":"es_ES","og_type":"article","og_title":"FORMULARIO DE QUEJAS PARA EL TRATAMIENTO IL\u00cdCITO DE LA IMAGEN DE LAS MUJERES - Observatori per a la igualtat","og_description":"De acuerdo con la Ley 34\/1988, de 11 de noviembre, General de Publicidad, se considerar\u00e1 il\u00edcita la publicidad que presente \u201ca las mujeres de forma vejatoria, [\u2026]","og_url":"https:\/\/observatori-igualtat.es\/es\/formulario-de-quejas-para-el-tratamiento-ilicito-de-la-imagen-de-las-mujeres\/","og_site_name":"Observatori per a la igualtat","article_publisher":"https:\/\/www.facebook.com\/institutbaleardeladona","article_published_time":"2023-09-13T09:04:44+00:00","article_modified_time":"2025-11-04T12:15:56+00:00","og_image":[{"width":343,"height":235,"url":"https:\/\/observatori-igualtat.es\/wp-content\/uploads\/2023\/09\/ibdona.png","type":"image\/png"}],"author":"Agn\u00e9s Rado","twitter_card":"summary_large_image","twitter_creator":"@IB_Dona","twitter_site":"@IB_Dona","twitter_misc":{"Escrito por":"Agn\u00e9s Rado","Tiempo de lectura":"2 minutos"},"schema":{"@context":"https:\/\/schema.org","@graph":[{"@type":"Article","@id":"https:\/\/observatori-igualtat.es\/es\/formulario-de-quejas-para-el-tratamiento-ilicito-de-la-imagen-de-las-mujeres\/#article","isPartOf":{"@id":"https:\/\/observatori-igualtat.es\/es\/formulario-de-quejas-para-el-tratamiento-ilicito-de-la-imagen-de-las-mujeres\/"},"author":{"name":"Agn\u00e9s Rado","@id":"https:\/\/observatori-igualtat.es\/#\/schema\/person\/dd01de9fe214c5f304f21c57563413a1"},"headline":"FORMULARIO DE QUEJAS PARA EL TRATAMIENTO IL\u00cdCITO DE LA IMAGEN DE LAS MUJERES","datePublished":"2023-09-13T09:04:44+00:00","dateModified":"2025-11-04T12:15:56+00:00","mainEntityOfPage":{"@id":"https:\/\/observatori-igualtat.es\/es\/formulario-de-quejas-para-el-tratamiento-ilicito-de-la-imagen-de-las-mujeres\/"},"wordCount":320,"commentCount":0,"publisher":{"@id":"https:\/\/observatori-igualtat.es\/#organization"},"image":{"@id":"https:\/\/observatori-igualtat.es\/es\/formulario-de-quejas-para-el-tratamiento-ilicito-de-la-imagen-de-las-mujeres\/#primaryimage"},"thumbnailUrl":"https:\/\/observatori-igualtat.es\/wp-content\/uploads\/2023\/09\/ibdona.png","articleSection":["Sin categorizar"],"inLanguage":"es","potentialAction":[{"@type":"CommentAction","name":"Comment","target":["https:\/\/observatori-igualtat.es\/es\/formulario-de-quejas-para-el-tratamiento-ilicito-de-la-imagen-de-las-mujeres\/#respond"]}]},{"@type":"WebPage","@id":"https:\/\/observatori-igualtat.es\/es\/formulario-de-quejas-para-el-tratamiento-ilicito-de-la-imagen-de-las-mujeres\/","url":"https:\/\/observatori-igualtat.es\/es\/formulario-de-quejas-para-el-tratamiento-ilicito-de-la-imagen-de-las-mujeres\/","name":"FORMULARIO DE QUEJAS PARA EL TRATAMIENTO IL\u00cdCITO DE LA IMAGEN DE LAS MUJERES - Observatori per a la igualtat","isPartOf":{"@id":"https:\/\/observatori-igualtat.es\/#website"},"primaryImageOfPage":{"@id":"https:\/\/observatori-igualtat.es\/es\/formulario-de-quejas-para-el-tratamiento-ilicito-de-la-imagen-de-las-mujeres\/#primaryimage"},"image":{"@id":"https:\/\/observatori-igualtat.es\/es\/formulario-de-quejas-para-el-tratamiento-ilicito-de-la-imagen-de-las-mujeres\/#primaryimage"},"thumbnailUrl":"https:\/\/observatori-igualtat.es\/wp-content\/uploads\/2023\/09\/ibdona.png","datePublished":"2023-09-13T09:04:44+00:00","dateModified":"2025-11-04T12:15:56+00:00","breadcrumb":{"@id":"https:\/\/observatori-igualtat.es\/es\/formulario-de-quejas-para-el-tratamiento-ilicito-de-la-imagen-de-las-mujeres\/#breadcrumb"},"inLanguage":"es","potentialAction":[{"@type":"ReadAction","target":["https:\/\/observatori-igualtat.es\/es\/formulario-de-quejas-para-el-tratamiento-ilicito-de-la-imagen-de-las-mujeres\/"]}]},{"@type":"ImageObject","inLanguage":"es","@id":"https:\/\/observatori-igualtat.es\/es\/formulario-de-quejas-para-el-tratamiento-ilicito-de-la-imagen-de-las-mujeres\/#primaryimage","url":"https:\/\/observatori-igualtat.es\/wp-content\/uploads\/2023\/09\/ibdona.png","contentUrl":"https:\/\/observatori-igualtat.es\/wp-content\/uploads\/2023\/09\/ibdona.png","width":343,"height":235},{"@type":"BreadcrumbList","@id":"https:\/\/observatori-igualtat.es\/es\/formulario-de-quejas-para-el-tratamiento-ilicito-de-la-imagen-de-las-mujeres\/#breadcrumb","itemListElement":[{"@type":"ListItem","position":1,"name":"Portada","item":"https:\/\/observatori-igualtat.es\/es\/"},{"@type":"ListItem","position":2,"name":"FORMULARIO DE QUEJAS PARA EL TRATAMIENTO IL\u00cdCITO DE LA IMAGEN DE LAS MUJERES"}]},{"@type":"WebSite","@id":"https:\/\/observatori-igualtat.es\/#website","url":"https:\/\/observatori-igualtat.es\/","name":"Observatori per a la igualtat","description":"","publisher":{"@id":"https:\/\/observatori-igualtat.es\/#organization"},"potentialAction":[{"@type":"SearchAction","target":{"@type":"EntryPoint","urlTemplate":"https:\/\/observatori-igualtat.es\/?s={search_term_string}"},"query-input":{"@type":"PropertyValueSpecification","valueRequired":true,"valueName":"search_term_string"}}],"inLanguage":"es"},{"@type":"Organization","@id":"https:\/\/observatori-igualtat.es\/#organization","name":"Observatori per a la igualtat","url":"https:\/\/observatori-igualtat.es\/","logo":{"@type":"ImageObject","inLanguage":"es","@id":"https:\/\/observatori-igualtat.es\/#\/schema\/logo\/image\/","url":"https:\/\/observatori-igualtat.es\/wp-content\/uploads\/2021\/11\/cropped-lupa-icon.png","contentUrl":"https:\/\/observatori-igualtat.es\/wp-content\/uploads\/2021\/11\/cropped-lupa-icon.png","width":512,"height":512,"caption":"Observatori per a la igualtat"},"image":{"@id":"https:\/\/observatori-igualtat.es\/#\/schema\/logo\/image\/"},"sameAs":["https:\/\/www.facebook.com\/institutbaleardeladona","https:\/\/x.com\/IB_Dona","https:\/\/www.instagram.com\/ib_dona","https:\/\/www.youtube.com\/channel\/UC8SGWsVp4ABV3Ljo3rb_EGw"]},{"@type":"Person","@id":"https:\/\/observatori-igualtat.es\/#\/schema\/person\/dd01de9fe214c5f304f21c57563413a1","name":"Agn\u00e9s Rado","image":{"@type":"ImageObject","inLanguage":"es","@id":"https:\/\/observatori-igualtat.es\/#\/schema\/person\/image\/","url":"https:\/\/secure.gravatar.com\/avatar\/d2819353ff8e25dce62d33bf06648a754887fb373e2cf8e6d0e4929818cb4093?s=96&d=mm&r=g","contentUrl":"https:\/\/secure.gravatar.com\/avatar\/d2819353ff8e25dce62d33bf06648a754887fb373e2cf8e6d0e4929818cb4093?s=96&d=mm&r=g","caption":"Agn\u00e9s Rado"},"url":"https:\/\/observatori-igualtat.es\/es\/author\/agnes\/"}]}},"_links":{"self":[{"href":"https:\/\/observatori-igualtat.es\/es\/wp-json\/wp\/v2\/posts\/10242","targetHints":{"allow":["GET"]}}],"collection":[{"href":"https:\/\/observatori-igualtat.es\/es\/wp-json\/wp\/v2\/posts"}],"about":[{"href":"https:\/\/observatori-igualtat.es\/es\/wp-json\/wp\/v2\/types\/post"}],"author":[{"embeddable":true,"href":"https:\/\/observatori-igualtat.es\/es\/wp-json\/wp\/v2\/users\/2"}],"replies":[{"embeddable":true,"href":"https:\/\/observatori-igualtat.es\/es\/wp-json\/wp\/v2\/comments?post=10242"}],"version-history":[{"count":5,"href":"https:\/\/observatori-igualtat.es\/es\/wp-json\/wp\/v2\/posts\/10242\/revisions"}],"predecessor-version":[{"id":14546,"href":"https:\/\/observatori-igualtat.es\/es\/wp-json\/wp\/v2\/posts\/10242\/revisions\/14546"}],"wp:featuredmedia":[{"embeddable":true,"href":"https:\/\/observatori-igualtat.es\/es\/wp-json\/wp\/v2\/media\/10240"}],"wp:attachment":[{"href":"https:\/\/observatori-igualtat.es\/es\/wp-json\/wp\/v2\/media?parent=10242"}],"wp:term":[{"taxonomy":"category","embeddable":true,"href":"https:\/\/observatori-igualtat.es\/es\/wp-json\/wp\/v2\/categories?post=10242"},{"taxonomy":"post_tag","embeddable":true,"href":"https:\/\/observatori-igualtat.es\/es\/wp-json\/wp\/v2\/tags?post=10242"}],"curies":[{"name":"wp","href":"https:\/\/api.w.org\/{rel}","templated":true}]}}