{"id":10425,"date":"2023-11-23T10:28:36","date_gmt":"2023-11-23T09:28:36","guid":{"rendered":"https:\/\/observatori-igualtat.es\/programacion-de-actividades-25n-2023\/"},"modified":"2023-11-29T12:18:10","modified_gmt":"2023-11-29T11:18:10","slug":"programacion-de-actividades-25n-2023","status":"publish","type":"post","link":"https:\/\/observatori-igualtat.es\/es\/programacion-de-actividades-25n-2023\/","title":{"rendered":"PROGRAMACI\u00d3N DE ACTIVIDADES- 25N-2023"},"content":{"rendered":"\t\t<div data-elementor-type=\"wp-post\" data-elementor-id=\"10425\" class=\"elementor elementor-10425 elementor-10379\" data-elementor-post-type=\"post\">\r\n\t\t\t\t\t\t<section class=\"elementor-section elementor-top-section elementor-element elementor-element-7114222f elementor-section-boxed elementor-section-height-default elementor-section-height-default\" data-id=\"7114222f\" data-element_type=\"section\">\r\n\t\t\t\t\t\t<div class=\"elementor-container elementor-column-gap-default\">\r\n\t\t\t\t\t<div class=\"elementor-column elementor-col-100 elementor-top-column elementor-element elementor-element-1554c642\" data-id=\"1554c642\" data-element_type=\"column\">\r\n\t\t\t<div class=\"elementor-widget-wrap elementor-element-populated\">\r\n\t\t\t\t\t\t<div class=\"elementor-element elementor-element-80c9d07 elementor-widget elementor-widget-image\" data-id=\"80c9d07\" data-element_type=\"widget\" data-widget_type=\"image.default\">\r\n\t\t\t\t<div class=\"elementor-widget-container\">\r\n\t\t\t\t\t\t\t\t\t\t\t\t\t<img fetchpriority=\"high\" decoding=\"async\" width=\"724\" height=\"1024\" src=\"https:\/\/observatori-igualtat.es\/wp-content\/uploads\/2023\/11\/IMAGEN_OBSERVATORI_25N-724x1024.jpg\" class=\"attachment-large size-large wp-image-10381\" alt=\"\" srcset=\"https:\/\/observatori-igualtat.es\/wp-content\/uploads\/2023\/11\/IMAGEN_OBSERVATORI_25N-724x1024.jpg 724w, https:\/\/observatori-igualtat.es\/wp-content\/uploads\/2023\/11\/IMAGEN_OBSERVATORI_25N-212x300.jpg 212w, https:\/\/observatori-igualtat.es\/wp-content\/uploads\/2023\/11\/IMAGEN_OBSERVATORI_25N-768x1086.jpg 768w, https:\/\/observatori-igualtat.es\/wp-content\/uploads\/2023\/11\/IMAGEN_OBSERVATORI_25N-1086x1536.jpg 1086w, https:\/\/observatori-igualtat.es\/wp-content\/uploads\/2023\/11\/IMAGEN_OBSERVATORI_25N-1448x2048.jpg 1448w, https:\/\/observatori-igualtat.es\/wp-content\/uploads\/2023\/11\/IMAGEN_OBSERVATORI_25N-103x146.jpg 103w, https:\/\/observatori-igualtat.es\/wp-content\/uploads\/2023\/11\/IMAGEN_OBSERVATORI_25N-35x50.jpg 35w, https:\/\/observatori-igualtat.es\/wp-content\/uploads\/2023\/11\/IMAGEN_OBSERVATORI_25N-53x75.jpg 53w, https:\/\/observatori-igualtat.es\/wp-content\/uploads\/2023\/11\/IMAGEN_OBSERVATORI_25N-scaled.jpg 1810w\" sizes=\"(max-width:767px) 480px, 724px\" \/>\t\t\t\t\t\t\t\t\t\t\t\t\t<\/div>\r\n\t\t\t\t<\/div>\r\n\t\t\t\t<div class=\"elementor-element elementor-element-562d048 elementor-widget elementor-widget-text-editor\" data-id=\"562d048\" data-element_type=\"widget\" data-widget_type=\"text-editor.default\">\r\n\t\t\t\t<div class=\"elementor-widget-container\">\r\n\t\t\t\t\t\t\t<p>PROGRAMACI\u00d3N DE ACTIVIDADES- 25N-2023<\/p>\n\t\t\t\t\t\t<\/div>\r\n\t\t\t\t<\/div>\r\n\t\t\t\t<div class=\"elementor-element elementor-element-5d522c3b elementor-widget elementor-widget-text-editor\" data-id=\"5d522c3b\" data-element_type=\"widget\" data-widget_type=\"text-editor.default\">\r\n\t\t\t\t<div class=\"elementor-widget-container\">\r\n\t\t\t\t\t\t\t<div class=\"TypographyPresentation TypographyPresentation--m RichText3-paragraph--withVSpacingNormal RichText3-paragraph\">Presentamos la programaci\u00f3n de los actos y actividades del 25N.<\/div>\n<p>&nbsp;<\/p>\n<div class=\"TypographyPresentation TypographyPresentation--m RichText3-paragraph--withVSpacingNormal RichText3-paragraph\">Respondemos ante las violencias machistas: impunidad cero.<\/div>\n<div><\/div>\n\t\t\t\t\t\t<\/div>\r\n\t\t\t\t<\/div>\r\n\t\t\t\t<div class=\"elementor-element elementor-element-0807267 elementor-widget elementor-widget-text-editor\" data-id=\"0807267\" data-element_type=\"widget\" data-widget_type=\"text-editor.default\">\r\n\t\t\t\t<div class=\"elementor-widget-container\">\r\n\t\t\t\t\t\t\t<p>DOCUMENTOS<\/p>\n\t\t\t\t\t\t<\/div>\r\n\t\t\t\t<\/div>\r\n\t\t\t\t<div class=\"elementor-element elementor-element-4942990 elementor-widget elementor-widget-gallery\" data-id=\"4942990\" data-element_type=\"widget\" data-settings=\"{&quot;gallery_layout&quot;:&quot;justified&quot;,&quot;ideal_row_height&quot;:{&quot;unit&quot;:&quot;px&quot;,&quot;size&quot;:300,&quot;sizes&quot;:[]},&quot;lazyload&quot;:&quot;yes&quot;,&quot;ideal_row_height_tablet&quot;:{&quot;unit&quot;:&quot;px&quot;,&quot;size&quot;:150,&quot;sizes&quot;:[]},&quot;ideal_row_height_mobile&quot;:{&quot;unit&quot;:&quot;px&quot;,&quot;size&quot;:150,&quot;sizes&quot;:[]},&quot;gap&quot;:{&quot;unit&quot;:&quot;px&quot;,&quot;size&quot;:10,&quot;sizes&quot;:[]},&quot;gap_tablet&quot;:{&quot;unit&quot;:&quot;px&quot;,&quot;size&quot;:10,&quot;sizes&quot;:[]},&quot;gap_mobile&quot;:{&quot;unit&quot;:&quot;px&quot;,&quot;size&quot;:10,&quot;sizes&quot;:[]},&quot;link_to&quot;:&quot;file&quot;,&quot;content_hover_animation&quot;:&quot;fade-in&quot;}\" data-widget_type=\"gallery.default\">\r\n\t\t\t\t<div class=\"elementor-widget-container\">\r\n\t\t\t\t\t<div class=\"elementor-gallery__container\">\r\n\t\t\t\t\t\t\t<a class=\"e-gallery-item elementor-gallery-item elementor-animated-content\" href=\"https:\/\/observatori-igualtat.es\/wp-content\/uploads\/2023\/11\/Jornada_VM_SM_CATALA.jpg\" data-elementor-open-lightbox=\"yes\" data-elementor-lightbox-slideshow=\"4942990\" data-elementor-lightbox-title=\"Jornada_VM_SM_CATALA\" data-e-action-hash=\"#elementor-action%3Aaction%3Dlightbox%26settings%3DeyJpZCI6MTAzODQsInVybCI6Imh0dHBzOlwvXC9vYnNlcnZhdG9yaS1pZ3VhbHRhdC5lc1wvd3AtY29udGVudFwvdXBsb2Fkc1wvMjAyM1wvMTFcL0pvcm5hZGFfVk1fU01fQ0FUQUxBLmpwZyIsInNsaWRlc2hvdyI6IjQ5NDI5OTAifQ%3D%3D\">\r\n\t\t\t\t\t<div class=\"e-gallery-image elementor-gallery-item__image\" data-thumbnail=\"https:\/\/observatori-igualtat.es\/wp-content\/uploads\/2023\/11\/Jornada_VM_SM_CATALA.jpg\" data-width=\"1328\" data-height=\"1842\" aria-label=\"\" role=\"img\" ><\/div>\r\n\t\t\t\t\t\t\t\t\t\t\t\t\t\t<\/a>\r\n\t\t\t\t\t\t\t<a class=\"e-gallery-item elementor-gallery-item elementor-animated-content\" href=\"https:\/\/observatori-igualtat.es\/wp-content\/uploads\/2023\/11\/Programa-conjunt-CAIB-25N-scaled.jpg\" data-elementor-open-lightbox=\"yes\" data-elementor-lightbox-slideshow=\"4942990\" data-elementor-lightbox-title=\"Programa conjunt CAIB 25N\" data-e-action-hash=\"#elementor-action%3Aaction%3Dlightbox%26settings%3DeyJpZCI6MTAzODcsInVybCI6Imh0dHBzOlwvXC9vYnNlcnZhdG9yaS1pZ3VhbHRhdC5lc1wvd3AtY29udGVudFwvdXBsb2Fkc1wvMjAyM1wvMTFcL1Byb2dyYW1hLWNvbmp1bnQtQ0FJQi0yNU4tc2NhbGVkLmpwZyIsInNsaWRlc2hvdyI6IjQ5NDI5OTAifQ%3D%3D\">\r\n\t\t\t\t\t<div class=\"e-gallery-image elementor-gallery-item__image\" data-thumbnail=\"https:\/\/observatori-igualtat.es\/wp-content\/uploads\/2023\/11\/Programa-conjunt-CAIB-25N-scaled.jpg\" data-width=\"2560\" data-height=\"1836\" aria-label=\"\" role=\"img\" ><\/div>\r\n\t\t\t\t\t\t\t\t\t\t\t\t\t\t<\/a>\r\n\t\t\t\t\t\t\t<a class=\"e-gallery-item elementor-gallery-item elementor-animated-content\" href=\"https:\/\/observatori-igualtat.es\/wp-content\/uploads\/2023\/11\/JornadaInterinstitucional-CAST.jpg\" data-elementor-open-lightbox=\"yes\" data-elementor-lightbox-slideshow=\"4942990\" data-elementor-lightbox-title=\"JornadaInterinstitucional-CAST\" data-e-action-hash=\"#elementor-action%3Aaction%3Dlightbox%26settings%3DeyJpZCI6MTA0NjgsInVybCI6Imh0dHBzOlwvXC9vYnNlcnZhdG9yaS1pZ3VhbHRhdC5lc1wvd3AtY29udGVudFwvdXBsb2Fkc1wvMjAyM1wvMTFcL0pvcm5hZGFJbnRlcmluc3RpdHVjaW9uYWwtQ0FTVC5qcGciLCJzbGlkZXNob3ciOiI0OTQyOTkwIn0%3D\">\r\n\t\t\t\t\t<div class=\"e-gallery-image elementor-gallery-item__image\" data-thumbnail=\"https:\/\/observatori-igualtat.es\/wp-content\/uploads\/2023\/11\/JornadaInterinstitucional-CAST.jpg\" data-width=\"1241\" data-height=\"1754\" aria-label=\"\" role=\"img\" ><\/div>\r\n\t\t\t\t\t\t\t\t\t\t\t\t\t\t<\/a>\r\n\t\t\t\t\t<\/div>\r\n\t\t\t<\/div>\r\n\t\t\t\t<\/div>\r\n\t\t\t\t<div class=\"elementor-element elementor-element-aa86f0d elementor-hidden-desktop elementor-hidden-tablet elementor-hidden-mobile elementor-widget elementor-widget-image-gallery\" data-id=\"aa86f0d\" data-element_type=\"widget\" data-widget_type=\"image-gallery.default\">\r\n\t\t\t\t<div class=\"elementor-widget-container\">\r\n\t\t\t\t\t<div class=\"elementor-image-gallery\">\r\n\t\t\t\r\n\t\t\t<style type='text\/css'>\r\n\t\t\t\t#sc_gallery-1 {\r\n\t\t\t\t\tmargin: auto;\r\n\t\t\t\t}\r\n\t\t\t\t#sc_gallery-1 .gallery-item {\r\n\t\t\t\t\tfloat: left;\r\n\t\t\t\t\ttext-align: center;\r\n\t\t\t\t\twidth: 49.99%;\r\n\t\t\t\t}\r\n\t\t\t\t#sc_gallery-1 img {\r\n\t\t\t\t\tborder: 2px solid #cfcfcf;\r\n\t\t\t\t}\r\n\t\t\t\t\/* see sc_gallery() in functions\/theme-shortcodes.php *\/\r\n\t\t\t<\/style>\n\t\t<div id='sc_gallery-1' class='gallery galleryid-10425 gallery-columns-2 gallery-size-medium_large file gallery-default'><dl class='gallery-item'  data-title='Jornada_VM_SM_CATALA' data-description=''><div class='gallery-item-wrapper'>\r\n\t\t\t\t<dt class='gallery-icon portrait'>\r\n\t\t\t\t\t<a data-elementor-open-lightbox=\"yes\" data-elementor-lightbox-slideshow=\"aa86f0d\" data-elementor-lightbox-title=\"Jornada_VM_SM_CATALA\" data-e-action-hash=\"#elementor-action%3Aaction%3Dlightbox%26settings%3DeyJpZCI6MTAzODQsInVybCI6Imh0dHBzOlwvXC9vYnNlcnZhdG9yaS1pZ3VhbHRhdC5lc1wvd3AtY29udGVudFwvdXBsb2Fkc1wvMjAyM1wvMTFcL0pvcm5hZGFfVk1fU01fQ0FUQUxBLmpwZyIsInNsaWRlc2hvdyI6ImFhODZmMGQifQ%3D%3D\" href='https:\/\/observatori-igualtat.es\/wp-content\/uploads\/2023\/11\/Jornada_VM_SM_CATALA.jpg'><img decoding=\"async\" width=\"768\" height=\"1065\" src=\"https:\/\/observatori-igualtat.es\/wp-content\/uploads\/2023\/11\/Jornada_VM_SM_CATALA-768x1065.jpg\" class=\"attachment-medium_large size-medium_large\" alt=\"\" srcset=\"https:\/\/observatori-igualtat.es\/wp-content\/uploads\/2023\/11\/Jornada_VM_SM_CATALA-768x1065.jpg 768w, https:\/\/observatori-igualtat.es\/wp-content\/uploads\/2023\/11\/Jornada_VM_SM_CATALA-216x300.jpg 216w, https:\/\/observatori-igualtat.es\/wp-content\/uploads\/2023\/11\/Jornada_VM_SM_CATALA-738x1024.jpg 738w, https:\/\/observatori-igualtat.es\/wp-content\/uploads\/2023\/11\/Jornada_VM_SM_CATALA-1107x1536.jpg 1107w, https:\/\/observatori-igualtat.es\/wp-content\/uploads\/2023\/11\/Jornada_VM_SM_CATALA-105x146.jpg 105w, https:\/\/observatori-igualtat.es\/wp-content\/uploads\/2023\/11\/Jornada_VM_SM_CATALA-36x50.jpg 36w, https:\/\/observatori-igualtat.es\/wp-content\/uploads\/2023\/11\/Jornada_VM_SM_CATALA-54x75.jpg 54w, https:\/\/observatori-igualtat.es\/wp-content\/uploads\/2023\/11\/Jornada_VM_SM_CATALA.jpg 1328w\" sizes=\"(max-width:767px) 480px, (max-width:768px) 100vw, 768px\" \/><\/a>\r\n\t\t\t\t<\/dt><\/div><\/dl><dl class='gallery-item'  data-title='Programa conjunt CAIB 25N' data-description=''><div class='gallery-item-wrapper'>\r\n\t\t\t\t<dt class='gallery-icon landscape'>\r\n\t\t\t\t\t<a data-elementor-open-lightbox=\"yes\" data-elementor-lightbox-slideshow=\"aa86f0d\" data-elementor-lightbox-title=\"Programa conjunt CAIB 25N\" data-e-action-hash=\"#elementor-action%3Aaction%3Dlightbox%26settings%3DeyJpZCI6MTAzODcsInVybCI6Imh0dHBzOlwvXC9vYnNlcnZhdG9yaS1pZ3VhbHRhdC5lc1wvd3AtY29udGVudFwvdXBsb2Fkc1wvMjAyM1wvMTFcL1Byb2dyYW1hLWNvbmp1bnQtQ0FJQi0yNU4tc2NhbGVkLmpwZyIsInNsaWRlc2hvdyI6ImFhODZmMGQifQ%3D%3D\" href='https:\/\/observatori-igualtat.es\/wp-content\/uploads\/2023\/11\/Programa-conjunt-CAIB-25N-scaled.jpg'><img decoding=\"async\" width=\"768\" height=\"551\" src=\"https:\/\/observatori-igualtat.es\/wp-content\/uploads\/2023\/11\/Programa-conjunt-CAIB-25N-768x551.jpg\" class=\"attachment-medium_large size-medium_large\" alt=\"\" srcset=\"https:\/\/observatori-igualtat.es\/wp-content\/uploads\/2023\/11\/Programa-conjunt-CAIB-25N-768x551.jpg 768w, https:\/\/observatori-igualtat.es\/wp-content\/uploads\/2023\/11\/Programa-conjunt-CAIB-25N-300x215.jpg 300w, https:\/\/observatori-igualtat.es\/wp-content\/uploads\/2023\/11\/Programa-conjunt-CAIB-25N-1024x735.jpg 1024w, https:\/\/observatori-igualtat.es\/wp-content\/uploads\/2023\/11\/Programa-conjunt-CAIB-25N-1536x1102.jpg 1536w, https:\/\/observatori-igualtat.es\/wp-content\/uploads\/2023\/11\/Programa-conjunt-CAIB-25N-2048x1469.jpg 2048w, https:\/\/observatori-igualtat.es\/wp-content\/uploads\/2023\/11\/Programa-conjunt-CAIB-25N-204x146.jpg 204w, https:\/\/observatori-igualtat.es\/wp-content\/uploads\/2023\/11\/Programa-conjunt-CAIB-25N-50x36.jpg 50w, https:\/\/observatori-igualtat.es\/wp-content\/uploads\/2023\/11\/Programa-conjunt-CAIB-25N-105x75.jpg 105w\" sizes=\"(max-width:767px) 480px, (max-width:768px) 100vw, 768px\" \/><\/a>\r\n\t\t\t\t<\/dt><\/div><\/dl><br style=\"clear: both\" \/>\r\n\t\t\t<\/div>\n\t\t<\/div>\r\n\t\t\t\t<\/div>\r\n\t\t\t\t<\/div>\r\n\t\t\t\t\t<\/div>\r\n\t\t<\/div>\r\n\t\t\t\t\t<\/div>\r\n\t\t<\/section>\r\n\t\t\t\t<\/div>\r\n\t\t","protected":false},"excerpt":{"rendered":"<p>PROGRAMACI\u00d3N DE ACTIVIDADES- 25N-2023 Presentamos la programaci\u00f3n de los actos y actividades del 25N. &nbsp; Respondemos ante las violencias machistas: impunidad cero. DOCUMENTOS<\/p>\n","protected":false},"author":5,"featured_media":10381,"comment_status":"open","ping_status":"open","sticky":false,"template":"","format":"standard","meta":{"inline_featured_image":false,"footnotes":""},"categories":[12],"tags":[],"class_list":["post-10425","post","type-post","status-publish","format-standard","has-post-thumbnail","hentry","category-sin-categorizar"],"yoast_head":"<!-- This site is optimized with the Yoast SEO plugin v26.9 - https:\/\/yoast.com\/product\/yoast-seo-wordpress\/ -->\n<title>PROGRAMACI\u00d3N DE ACTIVIDADES- 25N-2023 - Observatori per a la igualtat<\/title>\n<meta name=\"robots\" content=\"index, follow, max-snippet:-1, max-image-preview:large, max-video-preview:-1\" \/>\n<link rel=\"canonical\" href=\"https:\/\/observatori-igualtat.es\/programacio-dactivitats-25n-2023\/\" \/>\n<meta property=\"og:locale\" content=\"es_ES\" \/>\n<meta property=\"og:type\" content=\"article\" \/>\n<meta property=\"og:title\" content=\"PROGRAMACI\u00d3N DE ACTIVIDADES- 25N-2023 - Observatori per a la igualtat\" \/>\n<meta property=\"og:description\" content=\"PROGRAMACI\u00d3N DE ACTIVIDADES- 25N-2023 Presentamos la programaci\u00f3n de los actos y actividades del 25N. &nbsp; Respondemos ante las violencias machistas: impunidad cero. DOCUMENTOS\" \/>\n<meta property=\"og:url\" content=\"https:\/\/observatori-igualtat.es\/programacio-dactivitats-25n-2023\/\" \/>\n<meta property=\"og:site_name\" content=\"Observatori per a la igualtat\" \/>\n<meta property=\"article:publisher\" content=\"https:\/\/www.facebook.com\/institutbaleardeladona\" \/>\n<meta property=\"article:published_time\" content=\"2023-11-23T09:28:36+00:00\" \/>\n<meta property=\"article:modified_time\" content=\"2023-11-29T11:18:10+00:00\" \/>\n<meta property=\"og:image\" content=\"https:\/\/observatori-igualtat.es\/wp-content\/uploads\/2023\/11\/IMAGEN_OBSERVATORI_25N-scaled.jpg\" \/>\n\t<meta property=\"og:image:width\" content=\"1810\" \/>\n\t<meta property=\"og:image:height\" content=\"2560\" \/>\n\t<meta property=\"og:image:type\" content=\"image\/jpeg\" \/>\n<meta name=\"author\" content=\"Refineria Web\" \/>\n<meta name=\"twitter:card\" content=\"summary_large_image\" \/>\n<meta name=\"twitter:creator\" content=\"@IB_Dona\" \/>\n<meta name=\"twitter:site\" content=\"@IB_Dona\" \/>\n<meta name=\"twitter:label1\" content=\"Escrito por\" \/>\n\t<meta name=\"twitter:data1\" content=\"Refineria Web\" \/>\n<script type=\"application\/ld+json\" class=\"yoast-schema-graph\">{\"@context\":\"https:\/\/schema.org\",\"@graph\":[{\"@type\":\"Article\",\"@id\":\"https:\/\/observatori-igualtat.es\/programacio-dactivitats-25n-2023\/#article\",\"isPartOf\":{\"@id\":\"https:\/\/observatori-igualtat.es\/programacio-dactivitats-25n-2023\/\"},\"author\":{\"name\":\"Refineria Web\",\"@id\":\"https:\/\/observatori-igualtat.es\/#\/schema\/person\/ecaddf474a9fc0899d27ded4f86b55f5\"},\"headline\":\"PROGRAMACI\u00d3N DE ACTIVIDADES- 25N-2023\",\"datePublished\":\"2023-11-23T09:28:36+00:00\",\"dateModified\":\"2023-11-29T11:18:10+00:00\",\"mainEntityOfPage\":{\"@id\":\"https:\/\/observatori-igualtat.es\/programacio-dactivitats-25n-2023\/\"},\"wordCount\":30,\"commentCount\":0,\"publisher\":{\"@id\":\"https:\/\/observatori-igualtat.es\/#organization\"},\"image\":{\"@id\":\"https:\/\/observatori-igualtat.es\/programacio-dactivitats-25n-2023\/#primaryimage\"},\"thumbnailUrl\":\"https:\/\/observatori-igualtat.es\/wp-content\/uploads\/2023\/11\/IMAGEN_OBSERVATORI_25N-scaled.jpg\",\"articleSection\":[\"Sin categorizar\"],\"inLanguage\":\"es\",\"potentialAction\":[{\"@type\":\"CommentAction\",\"name\":\"Comment\",\"target\":[\"https:\/\/observatori-igualtat.es\/programacio-dactivitats-25n-2023\/#respond\"]}]},{\"@type\":\"WebPage\",\"@id\":\"https:\/\/observatori-igualtat.es\/programacio-dactivitats-25n-2023\/\",\"url\":\"https:\/\/observatori-igualtat.es\/programacio-dactivitats-25n-2023\/\",\"name\":\"PROGRAMACI\u00d3N DE ACTIVIDADES- 25N-2023 - Observatori per a la igualtat\",\"isPartOf\":{\"@id\":\"https:\/\/observatori-igualtat.es\/#website\"},\"primaryImageOfPage\":{\"@id\":\"https:\/\/observatori-igualtat.es\/programacio-dactivitats-25n-2023\/#primaryimage\"},\"image\":{\"@id\":\"https:\/\/observatori-igualtat.es\/programacio-dactivitats-25n-2023\/#primaryimage\"},\"thumbnailUrl\":\"https:\/\/observatori-igualtat.es\/wp-content\/uploads\/2023\/11\/IMAGEN_OBSERVATORI_25N-scaled.jpg\",\"datePublished\":\"2023-11-23T09:28:36+00:00\",\"dateModified\":\"2023-11-29T11:18:10+00:00\",\"breadcrumb\":{\"@id\":\"https:\/\/observatori-igualtat.es\/programacio-dactivitats-25n-2023\/#breadcrumb\"},\"inLanguage\":\"es\",\"potentialAction\":[{\"@type\":\"ReadAction\",\"target\":[\"https:\/\/observatori-igualtat.es\/programacio-dactivitats-25n-2023\/\"]}]},{\"@type\":\"ImageObject\",\"inLanguage\":\"es\",\"@id\":\"https:\/\/observatori-igualtat.es\/programacio-dactivitats-25n-2023\/#primaryimage\",\"url\":\"https:\/\/observatori-igualtat.es\/wp-content\/uploads\/2023\/11\/IMAGEN_OBSERVATORI_25N-scaled.jpg\",\"contentUrl\":\"https:\/\/observatori-igualtat.es\/wp-content\/uploads\/2023\/11\/IMAGEN_OBSERVATORI_25N-scaled.jpg\",\"width\":1810,\"height\":2560},{\"@type\":\"BreadcrumbList\",\"@id\":\"https:\/\/observatori-igualtat.es\/programacio-dactivitats-25n-2023\/#breadcrumb\",\"itemListElement\":[{\"@type\":\"ListItem\",\"position\":1,\"name\":\"Portada\",\"item\":\"https:\/\/observatori-igualtat.es\/es\/\"},{\"@type\":\"ListItem\",\"position\":2,\"name\":\"PROGRAMACI\u00d3N DE ACTIVIDADES- 25N-2023\"}]},{\"@type\":\"WebSite\",\"@id\":\"https:\/\/observatori-igualtat.es\/#website\",\"url\":\"https:\/\/observatori-igualtat.es\/\",\"name\":\"Observatori per a la igualtat\",\"description\":\"\",\"publisher\":{\"@id\":\"https:\/\/observatori-igualtat.es\/#organization\"},\"potentialAction\":[{\"@type\":\"SearchAction\",\"target\":{\"@type\":\"EntryPoint\",\"urlTemplate\":\"https:\/\/observatori-igualtat.es\/?s={search_term_string}\"},\"query-input\":{\"@type\":\"PropertyValueSpecification\",\"valueRequired\":true,\"valueName\":\"search_term_string\"}}],\"inLanguage\":\"es\"},{\"@type\":\"Organization\",\"@id\":\"https:\/\/observatori-igualtat.es\/#organization\",\"name\":\"Observatori per a la igualtat\",\"url\":\"https:\/\/observatori-igualtat.es\/\",\"logo\":{\"@type\":\"ImageObject\",\"inLanguage\":\"es\",\"@id\":\"https:\/\/observatori-igualtat.es\/#\/schema\/logo\/image\/\",\"url\":\"https:\/\/observatori-igualtat.es\/wp-content\/uploads\/2021\/11\/cropped-lupa-icon.png\",\"contentUrl\":\"https:\/\/observatori-igualtat.es\/wp-content\/uploads\/2021\/11\/cropped-lupa-icon.png\",\"width\":512,\"height\":512,\"caption\":\"Observatori per a la igualtat\"},\"image\":{\"@id\":\"https:\/\/observatori-igualtat.es\/#\/schema\/logo\/image\/\"},\"sameAs\":[\"https:\/\/www.facebook.com\/institutbaleardeladona\",\"https:\/\/x.com\/IB_Dona\",\"https:\/\/www.instagram.com\/ib_dona\",\"https:\/\/www.youtube.com\/channel\/UC8SGWsVp4ABV3Ljo3rb_EGw\"]},{\"@type\":\"Person\",\"@id\":\"https:\/\/observatori-igualtat.es\/#\/schema\/person\/ecaddf474a9fc0899d27ded4f86b55f5\",\"name\":\"Refineria Web\",\"image\":{\"@type\":\"ImageObject\",\"inLanguage\":\"es\",\"@id\":\"https:\/\/observatori-igualtat.es\/#\/schema\/person\/image\/\",\"url\":\"https:\/\/secure.gravatar.com\/avatar\/e3099e81645dd72b39e2b144028525cb490306c2bfe8369ea0cefc994a32e5c2?s=96&d=mm&r=g\",\"contentUrl\":\"https:\/\/secure.gravatar.com\/avatar\/e3099e81645dd72b39e2b144028525cb490306c2bfe8369ea0cefc994a32e5c2?s=96&d=mm&r=g\",\"caption\":\"Refineria Web\"},\"url\":\"https:\/\/observatori-igualtat.es\/es\/author\/refineria\/\"}]}<\/script>\n<!-- \/ Yoast SEO plugin. -->","yoast_head_json":{"title":"PROGRAMACI\u00d3N DE ACTIVIDADES- 25N-2023 - Observatori per a la igualtat","robots":{"index":"index","follow":"follow","max-snippet":"max-snippet:-1","max-image-preview":"max-image-preview:large","max-video-preview":"max-video-preview:-1"},"canonical":"https:\/\/observatori-igualtat.es\/programacio-dactivitats-25n-2023\/","og_locale":"es_ES","og_type":"article","og_title":"PROGRAMACI\u00d3N DE ACTIVIDADES- 25N-2023 - Observatori per a la igualtat","og_description":"PROGRAMACI\u00d3N DE ACTIVIDADES- 25N-2023 Presentamos la programaci\u00f3n de los actos y actividades del 25N. &nbsp; Respondemos ante las violencias machistas: impunidad cero. DOCUMENTOS","og_url":"https:\/\/observatori-igualtat.es\/programacio-dactivitats-25n-2023\/","og_site_name":"Observatori per a la igualtat","article_publisher":"https:\/\/www.facebook.com\/institutbaleardeladona","article_published_time":"2023-11-23T09:28:36+00:00","article_modified_time":"2023-11-29T11:18:10+00:00","og_image":[{"width":1810,"height":2560,"url":"https:\/\/observatori-igualtat.es\/wp-content\/uploads\/2023\/11\/IMAGEN_OBSERVATORI_25N-scaled.jpg","type":"image\/jpeg"}],"author":"Refineria Web","twitter_card":"summary_large_image","twitter_creator":"@IB_Dona","twitter_site":"@IB_Dona","twitter_misc":{"Escrito por":"Refineria Web"},"schema":{"@context":"https:\/\/schema.org","@graph":[{"@type":"Article","@id":"https:\/\/observatori-igualtat.es\/programacio-dactivitats-25n-2023\/#article","isPartOf":{"@id":"https:\/\/observatori-igualtat.es\/programacio-dactivitats-25n-2023\/"},"author":{"name":"Refineria Web","@id":"https:\/\/observatori-igualtat.es\/#\/schema\/person\/ecaddf474a9fc0899d27ded4f86b55f5"},"headline":"PROGRAMACI\u00d3N DE ACTIVIDADES- 25N-2023","datePublished":"2023-11-23T09:28:36+00:00","dateModified":"2023-11-29T11:18:10+00:00","mainEntityOfPage":{"@id":"https:\/\/observatori-igualtat.es\/programacio-dactivitats-25n-2023\/"},"wordCount":30,"commentCount":0,"publisher":{"@id":"https:\/\/observatori-igualtat.es\/#organization"},"image":{"@id":"https:\/\/observatori-igualtat.es\/programacio-dactivitats-25n-2023\/#primaryimage"},"thumbnailUrl":"https:\/\/observatori-igualtat.es\/wp-content\/uploads\/2023\/11\/IMAGEN_OBSERVATORI_25N-scaled.jpg","articleSection":["Sin categorizar"],"inLanguage":"es","potentialAction":[{"@type":"CommentAction","name":"Comment","target":["https:\/\/observatori-igualtat.es\/programacio-dactivitats-25n-2023\/#respond"]}]},{"@type":"WebPage","@id":"https:\/\/observatori-igualtat.es\/programacio-dactivitats-25n-2023\/","url":"https:\/\/observatori-igualtat.es\/programacio-dactivitats-25n-2023\/","name":"PROGRAMACI\u00d3N DE ACTIVIDADES- 25N-2023 - Observatori per a la igualtat","isPartOf":{"@id":"https:\/\/observatori-igualtat.es\/#website"},"primaryImageOfPage":{"@id":"https:\/\/observatori-igualtat.es\/programacio-dactivitats-25n-2023\/#primaryimage"},"image":{"@id":"https:\/\/observatori-igualtat.es\/programacio-dactivitats-25n-2023\/#primaryimage"},"thumbnailUrl":"https:\/\/observatori-igualtat.es\/wp-content\/uploads\/2023\/11\/IMAGEN_OBSERVATORI_25N-scaled.jpg","datePublished":"2023-11-23T09:28:36+00:00","dateModified":"2023-11-29T11:18:10+00:00","breadcrumb":{"@id":"https:\/\/observatori-igualtat.es\/programacio-dactivitats-25n-2023\/#breadcrumb"},"inLanguage":"es","potentialAction":[{"@type":"ReadAction","target":["https:\/\/observatori-igualtat.es\/programacio-dactivitats-25n-2023\/"]}]},{"@type":"ImageObject","inLanguage":"es","@id":"https:\/\/observatori-igualtat.es\/programacio-dactivitats-25n-2023\/#primaryimage","url":"https:\/\/observatori-igualtat.es\/wp-content\/uploads\/2023\/11\/IMAGEN_OBSERVATORI_25N-scaled.jpg","contentUrl":"https:\/\/observatori-igualtat.es\/wp-content\/uploads\/2023\/11\/IMAGEN_OBSERVATORI_25N-scaled.jpg","width":1810,"height":2560},{"@type":"BreadcrumbList","@id":"https:\/\/observatori-igualtat.es\/programacio-dactivitats-25n-2023\/#breadcrumb","itemListElement":[{"@type":"ListItem","position":1,"name":"Portada","item":"https:\/\/observatori-igualtat.es\/es\/"},{"@type":"ListItem","position":2,"name":"PROGRAMACI\u00d3N DE ACTIVIDADES- 25N-2023"}]},{"@type":"WebSite","@id":"https:\/\/observatori-igualtat.es\/#website","url":"https:\/\/observatori-igualtat.es\/","name":"Observatori per a la igualtat","description":"","publisher":{"@id":"https:\/\/observatori-igualtat.es\/#organization"},"potentialAction":[{"@type":"SearchAction","target":{"@type":"EntryPoint","urlTemplate":"https:\/\/observatori-igualtat.es\/?s={search_term_string}"},"query-input":{"@type":"PropertyValueSpecification","valueRequired":true,"valueName":"search_term_string"}}],"inLanguage":"es"},{"@type":"Organization","@id":"https:\/\/observatori-igualtat.es\/#organization","name":"Observatori per a la igualtat","url":"https:\/\/observatori-igualtat.es\/","logo":{"@type":"ImageObject","inLanguage":"es","@id":"https:\/\/observatori-igualtat.es\/#\/schema\/logo\/image\/","url":"https:\/\/observatori-igualtat.es\/wp-content\/uploads\/2021\/11\/cropped-lupa-icon.png","contentUrl":"https:\/\/observatori-igualtat.es\/wp-content\/uploads\/2021\/11\/cropped-lupa-icon.png","width":512,"height":512,"caption":"Observatori per a la igualtat"},"image":{"@id":"https:\/\/observatori-igualtat.es\/#\/schema\/logo\/image\/"},"sameAs":["https:\/\/www.facebook.com\/institutbaleardeladona","https:\/\/x.com\/IB_Dona","https:\/\/www.instagram.com\/ib_dona","https:\/\/www.youtube.com\/channel\/UC8SGWsVp4ABV3Ljo3rb_EGw"]},{"@type":"Person","@id":"https:\/\/observatori-igualtat.es\/#\/schema\/person\/ecaddf474a9fc0899d27ded4f86b55f5","name":"Refineria Web","image":{"@type":"ImageObject","inLanguage":"es","@id":"https:\/\/observatori-igualtat.es\/#\/schema\/person\/image\/","url":"https:\/\/secure.gravatar.com\/avatar\/e3099e81645dd72b39e2b144028525cb490306c2bfe8369ea0cefc994a32e5c2?s=96&d=mm&r=g","contentUrl":"https:\/\/secure.gravatar.com\/avatar\/e3099e81645dd72b39e2b144028525cb490306c2bfe8369ea0cefc994a32e5c2?s=96&d=mm&r=g","caption":"Refineria Web"},"url":"https:\/\/observatori-igualtat.es\/es\/author\/refineria\/"}]}},"_links":{"self":[{"href":"https:\/\/observatori-igualtat.es\/es\/wp-json\/wp\/v2\/posts\/10425","targetHints":{"allow":["GET"]}}],"collection":[{"href":"https:\/\/observatori-igualtat.es\/es\/wp-json\/wp\/v2\/posts"}],"about":[{"href":"https:\/\/observatori-igualtat.es\/es\/wp-json\/wp\/v2\/types\/post"}],"author":[{"embeddable":true,"href":"https:\/\/observatori-igualtat.es\/es\/wp-json\/wp\/v2\/users\/5"}],"replies":[{"embeddable":true,"href":"https:\/\/observatori-igualtat.es\/es\/wp-json\/wp\/v2\/comments?post=10425"}],"version-history":[{"count":5,"href":"https:\/\/observatori-igualtat.es\/es\/wp-json\/wp\/v2\/posts\/10425\/revisions"}],"predecessor-version":[{"id":10471,"href":"https:\/\/observatori-igualtat.es\/es\/wp-json\/wp\/v2\/posts\/10425\/revisions\/10471"}],"wp:featuredmedia":[{"embeddable":true,"href":"https:\/\/observatori-igualtat.es\/es\/wp-json\/wp\/v2\/media\/10381"}],"wp:attachment":[{"href":"https:\/\/observatori-igualtat.es\/es\/wp-json\/wp\/v2\/media?parent=10425"}],"wp:term":[{"taxonomy":"category","embeddable":true,"href":"https:\/\/observatori-igualtat.es\/es\/wp-json\/wp\/v2\/categories?post=10425"},{"taxonomy":"post_tag","embeddable":true,"href":"https:\/\/observatori-igualtat.es\/es\/wp-json\/wp\/v2\/tags?post=10425"}],"curies":[{"name":"wp","href":"https:\/\/api.w.org\/{rel}","templated":true}]}}