{"id":11528,"date":"2024-11-11T12:25:37","date_gmt":"2024-11-11T11:25:37","guid":{"rendered":"https:\/\/observatori-igualtat.es\/ciclo-de-capsulas-formativas-virtuales-por-la-igualdad\/"},"modified":"2025-04-29T09:41:20","modified_gmt":"2025-04-29T08:41:20","slug":"ciclo-de-capsulas-formativas-virtuales-por-la-igualdad","status":"publish","type":"post","link":"https:\/\/observatori-igualtat.es\/es\/ciclo-de-capsulas-formativas-virtuales-por-la-igualdad\/","title":{"rendered":"Ciclo de c\u00e1psulas formativas virtuales por la igualdad"},"content":{"rendered":"<p><span style=\"color: #000000;\">Ap\u00fantate al <strong>I Ciclo de C\u00e1psulas Formativas Virtuales para la Igualdad<\/strong>, organizado por el grupo de Investigaci\u00f3n de Estudios de g\u00e9nero de la UIB,\u00a0 durante el curso acad\u00e9mico 2024-2025:<\/span><\/p>\n<ul>\n<li><span style=\"color: #000000;\">12\/12\/2024. 1.\u00aa c\u00e1psula: <strong>\u00abDeshacer la troca: el papel de las emociones en la recuperaci\u00f3n de adolescentes y j\u00f3venes supervivientes de violencia de g\u00e9nero\u00bb<\/strong>. Por Patricia de los Santos Mart\u00ednez, pedagoga y doctora en educaci\u00f3n.<\/span><\/li>\n<\/ul>\n<p>&nbsp;<\/p>\n<ul>\n<li><span style=\"color: #000000;\">17\/02\/2025. 2.\u00aa c\u00e1psula:<strong> \u00abLa econom\u00eda feminista y la transformaci\u00f3n social: claves para el cambio\u00bb<\/strong>. Por Carmen Castro Garc\u00eda, doctora en Econom\u00eda, especializada en modelos de bienestar y pol\u00edticas europeas de g\u00e9nero.<\/span><\/li>\n<\/ul>\n<p>&nbsp;<\/p>\n<ul>\n<li><span style=\"color: #000000;\">17\/03\/2025. 3.\u00aa c\u00e1psula:<strong> \u00abDesigualdades de g\u00e9nero en las curas informales y su impacto en la salud\u00bb<\/strong>. Por Mar\u00eda de Mar Garc\u00eda Calvente, doctora en Medicina, especialista en salud p\u00fablica.<\/span><\/li>\n<\/ul>\n<p>&nbsp;<\/p>\n<ul>\n<li><span style=\"color: #000000;\">10\/04\/2025. 4.\u00aa c\u00e1psula: <strong>\u00abActivismo y violencia simb\u00f3lica al circuito audiovisual\u00bb<\/strong>. Por Carolina Fern\u00e1ndez Castrillo, profesora titular de alfabetizaci\u00f3n transmedia y cibercultura en la Universidad Carlos III de Madrid.<\/span><span style=\"color: #000000;\">Las plazas son limitadas.<\/span>\n<p><span style=\"color: #000000;\">Toda la informaci\u00f3n en: <span style=\"color: #0000ff;\"><a style=\"color: #0000ff;\" href=\"https:\/\/sac.uib.cat\/aules\/Formacio\/any_academic\/24-25\/Capsules-formatives-igualtat\/\">https:\/\/sac.uib.cat\/aules\/Formacio\/any_academic\/24-25\/Capsules-formatives-igualtat\/<\/a><\/span><\/span><\/li>\n<\/ul>\n<p>&nbsp;<\/p>\n<p><img fetchpriority=\"high\" decoding=\"async\" class=\"aligncenter wp-image-11524 size-full\" src=\"https:\/\/observatori-igualtat.es\/wp-content\/uploads\/2024\/11\/767922_Cartell-caIpsules-web.png\" alt=\"\" width=\"640\" height=\"912\" srcset=\"https:\/\/observatori-igualtat.es\/wp-content\/uploads\/2024\/11\/767922_Cartell-caIpsules-web.png 640w, https:\/\/observatori-igualtat.es\/wp-content\/uploads\/2024\/11\/767922_Cartell-caIpsules-web-211x300.png 211w, https:\/\/observatori-igualtat.es\/wp-content\/uploads\/2024\/11\/767922_Cartell-caIpsules-web-53x75.png 53w, https:\/\/observatori-igualtat.es\/wp-content\/uploads\/2024\/11\/767922_Cartell-caIpsules-web-480x684.png 480w\" sizes=\"(max-width:767px) 480px, 640px\" \/><\/p>\n<p>&nbsp;<\/p>\n","protected":false},"excerpt":{"rendered":"<p>Ap\u00fantate al I Ciclo de C\u00e1psulas Formativas Virtuales para la Igualdad, organizado por el grupo de Investigaci\u00f3n de Estudios de g\u00e9nero de la UIB,\u00a0 durante el<span class=\"excerpt-hellip\"> [\u2026]<\/span><\/p>\n","protected":false},"author":2,"featured_media":11524,"comment_status":"open","ping_status":"open","sticky":false,"template":"","format":"standard","meta":{"inline_featured_image":false,"footnotes":""},"categories":[12],"tags":[],"class_list":["post-11528","post","type-post","status-publish","format-standard","has-post-thumbnail","hentry","category-sin-categorizar"],"yoast_head":"<!-- This site is optimized with the Yoast SEO plugin v26.9 - https:\/\/yoast.com\/product\/yoast-seo-wordpress\/ -->\n<title>Ciclo de c\u00e1psulas formativas virtuales por la igualdad - Observatori per a la igualtat<\/title>\n<meta name=\"robots\" content=\"index, follow, max-snippet:-1, max-image-preview:large, max-video-preview:-1\" \/>\n<link rel=\"canonical\" href=\"https:\/\/observatori-igualtat.es\/cicle-de-capsules-formatives-virtuals-per-la-igualtat\/\" \/>\n<meta property=\"og:locale\" content=\"es_ES\" \/>\n<meta property=\"og:type\" content=\"article\" \/>\n<meta property=\"og:title\" content=\"Ciclo de c\u00e1psulas formativas virtuales por la igualdad - Observatori per a la igualtat\" \/>\n<meta property=\"og:description\" content=\"Ap\u00fantate al I Ciclo de C\u00e1psulas Formativas Virtuales para la Igualdad, organizado por el grupo de Investigaci\u00f3n de Estudios de g\u00e9nero de la UIB,\u00a0 durante el [\u2026]\" \/>\n<meta property=\"og:url\" content=\"https:\/\/observatori-igualtat.es\/cicle-de-capsules-formatives-virtuals-per-la-igualtat\/\" \/>\n<meta property=\"og:site_name\" content=\"Observatori per a la igualtat\" \/>\n<meta property=\"article:publisher\" content=\"https:\/\/www.facebook.com\/institutbaleardeladona\" \/>\n<meta property=\"article:published_time\" content=\"2024-11-11T11:25:37+00:00\" \/>\n<meta property=\"article:modified_time\" content=\"2025-04-29T08:41:20+00:00\" \/>\n<meta property=\"og:image\" content=\"https:\/\/observatori-igualtat.es\/wp-content\/uploads\/2024\/11\/767922_Cartell-caIpsules-web.png\" \/>\n\t<meta property=\"og:image:width\" content=\"640\" \/>\n\t<meta property=\"og:image:height\" content=\"912\" \/>\n\t<meta property=\"og:image:type\" content=\"image\/png\" \/>\n<meta name=\"author\" content=\"Agn\u00e9s Rado\" \/>\n<meta name=\"twitter:card\" content=\"summary_large_image\" \/>\n<meta name=\"twitter:creator\" content=\"@IB_Dona\" \/>\n<meta name=\"twitter:site\" content=\"@IB_Dona\" \/>\n<meta name=\"twitter:label1\" content=\"Escrito por\" \/>\n\t<meta name=\"twitter:data1\" content=\"Agn\u00e9s Rado\" \/>\n\t<meta name=\"twitter:label2\" content=\"Tiempo de lectura\" \/>\n\t<meta name=\"twitter:data2\" content=\"1 minuto\" \/>\n<script type=\"application\/ld+json\" class=\"yoast-schema-graph\">{\"@context\":\"https:\/\/schema.org\",\"@graph\":[{\"@type\":\"Article\",\"@id\":\"https:\/\/observatori-igualtat.es\/cicle-de-capsules-formatives-virtuals-per-la-igualtat\/#article\",\"isPartOf\":{\"@id\":\"https:\/\/observatori-igualtat.es\/cicle-de-capsules-formatives-virtuals-per-la-igualtat\/\"},\"author\":{\"name\":\"Agn\u00e9s Rado\",\"@id\":\"https:\/\/observatori-igualtat.es\/#\/schema\/person\/dd01de9fe214c5f304f21c57563413a1\"},\"headline\":\"Ciclo de c\u00e1psulas formativas virtuales por la igualdad\",\"datePublished\":\"2024-11-11T11:25:37+00:00\",\"dateModified\":\"2025-04-29T08:41:20+00:00\",\"mainEntityOfPage\":{\"@id\":\"https:\/\/observatori-igualtat.es\/cicle-de-capsules-formatives-virtuals-per-la-igualtat\/\"},\"wordCount\":203,\"commentCount\":0,\"publisher\":{\"@id\":\"https:\/\/observatori-igualtat.es\/#organization\"},\"image\":{\"@id\":\"https:\/\/observatori-igualtat.es\/cicle-de-capsules-formatives-virtuals-per-la-igualtat\/#primaryimage\"},\"thumbnailUrl\":\"https:\/\/observatori-igualtat.es\/wp-content\/uploads\/2024\/11\/767922_Cartell-caIpsules-web.png\",\"articleSection\":[\"Sin categorizar\"],\"inLanguage\":\"es\",\"potentialAction\":[{\"@type\":\"CommentAction\",\"name\":\"Comment\",\"target\":[\"https:\/\/observatori-igualtat.es\/cicle-de-capsules-formatives-virtuals-per-la-igualtat\/#respond\"]}]},{\"@type\":\"WebPage\",\"@id\":\"https:\/\/observatori-igualtat.es\/cicle-de-capsules-formatives-virtuals-per-la-igualtat\/\",\"url\":\"https:\/\/observatori-igualtat.es\/cicle-de-capsules-formatives-virtuals-per-la-igualtat\/\",\"name\":\"Ciclo de c\u00e1psulas formativas virtuales por la igualdad - Observatori per a la igualtat\",\"isPartOf\":{\"@id\":\"https:\/\/observatori-igualtat.es\/#website\"},\"primaryImageOfPage\":{\"@id\":\"https:\/\/observatori-igualtat.es\/cicle-de-capsules-formatives-virtuals-per-la-igualtat\/#primaryimage\"},\"image\":{\"@id\":\"https:\/\/observatori-igualtat.es\/cicle-de-capsules-formatives-virtuals-per-la-igualtat\/#primaryimage\"},\"thumbnailUrl\":\"https:\/\/observatori-igualtat.es\/wp-content\/uploads\/2024\/11\/767922_Cartell-caIpsules-web.png\",\"datePublished\":\"2024-11-11T11:25:37+00:00\",\"dateModified\":\"2025-04-29T08:41:20+00:00\",\"breadcrumb\":{\"@id\":\"https:\/\/observatori-igualtat.es\/cicle-de-capsules-formatives-virtuals-per-la-igualtat\/#breadcrumb\"},\"inLanguage\":\"es\",\"potentialAction\":[{\"@type\":\"ReadAction\",\"target\":[\"https:\/\/observatori-igualtat.es\/cicle-de-capsules-formatives-virtuals-per-la-igualtat\/\"]}]},{\"@type\":\"ImageObject\",\"inLanguage\":\"es\",\"@id\":\"https:\/\/observatori-igualtat.es\/cicle-de-capsules-formatives-virtuals-per-la-igualtat\/#primaryimage\",\"url\":\"https:\/\/observatori-igualtat.es\/wp-content\/uploads\/2024\/11\/767922_Cartell-caIpsules-web.png\",\"contentUrl\":\"https:\/\/observatori-igualtat.es\/wp-content\/uploads\/2024\/11\/767922_Cartell-caIpsules-web.png\",\"width\":640,\"height\":912},{\"@type\":\"BreadcrumbList\",\"@id\":\"https:\/\/observatori-igualtat.es\/cicle-de-capsules-formatives-virtuals-per-la-igualtat\/#breadcrumb\",\"itemListElement\":[{\"@type\":\"ListItem\",\"position\":1,\"name\":\"Portada\",\"item\":\"https:\/\/observatori-igualtat.es\/es\/\"},{\"@type\":\"ListItem\",\"position\":2,\"name\":\"Ciclo de c\u00e1psulas formativas virtuales por la igualdad\"}]},{\"@type\":\"WebSite\",\"@id\":\"https:\/\/observatori-igualtat.es\/#website\",\"url\":\"https:\/\/observatori-igualtat.es\/\",\"name\":\"Observatori per a la igualtat\",\"description\":\"\",\"publisher\":{\"@id\":\"https:\/\/observatori-igualtat.es\/#organization\"},\"potentialAction\":[{\"@type\":\"SearchAction\",\"target\":{\"@type\":\"EntryPoint\",\"urlTemplate\":\"https:\/\/observatori-igualtat.es\/?s={search_term_string}\"},\"query-input\":{\"@type\":\"PropertyValueSpecification\",\"valueRequired\":true,\"valueName\":\"search_term_string\"}}],\"inLanguage\":\"es\"},{\"@type\":\"Organization\",\"@id\":\"https:\/\/observatori-igualtat.es\/#organization\",\"name\":\"Observatori per a la igualtat\",\"url\":\"https:\/\/observatori-igualtat.es\/\",\"logo\":{\"@type\":\"ImageObject\",\"inLanguage\":\"es\",\"@id\":\"https:\/\/observatori-igualtat.es\/#\/schema\/logo\/image\/\",\"url\":\"https:\/\/observatori-igualtat.es\/wp-content\/uploads\/2021\/11\/cropped-lupa-icon.png\",\"contentUrl\":\"https:\/\/observatori-igualtat.es\/wp-content\/uploads\/2021\/11\/cropped-lupa-icon.png\",\"width\":512,\"height\":512,\"caption\":\"Observatori per a la igualtat\"},\"image\":{\"@id\":\"https:\/\/observatori-igualtat.es\/#\/schema\/logo\/image\/\"},\"sameAs\":[\"https:\/\/www.facebook.com\/institutbaleardeladona\",\"https:\/\/x.com\/IB_Dona\",\"https:\/\/www.instagram.com\/ib_dona\",\"https:\/\/www.youtube.com\/channel\/UC8SGWsVp4ABV3Ljo3rb_EGw\"]},{\"@type\":\"Person\",\"@id\":\"https:\/\/observatori-igualtat.es\/#\/schema\/person\/dd01de9fe214c5f304f21c57563413a1\",\"name\":\"Agn\u00e9s Rado\",\"image\":{\"@type\":\"ImageObject\",\"inLanguage\":\"es\",\"@id\":\"https:\/\/observatori-igualtat.es\/#\/schema\/person\/image\/\",\"url\":\"https:\/\/secure.gravatar.com\/avatar\/d2819353ff8e25dce62d33bf06648a754887fb373e2cf8e6d0e4929818cb4093?s=96&d=mm&r=g\",\"contentUrl\":\"https:\/\/secure.gravatar.com\/avatar\/d2819353ff8e25dce62d33bf06648a754887fb373e2cf8e6d0e4929818cb4093?s=96&d=mm&r=g\",\"caption\":\"Agn\u00e9s Rado\"},\"url\":\"https:\/\/observatori-igualtat.es\/es\/author\/agnes\/\"}]}<\/script>\n<!-- \/ Yoast SEO plugin. -->","yoast_head_json":{"title":"Ciclo de c\u00e1psulas formativas virtuales por la igualdad - Observatori per a la igualtat","robots":{"index":"index","follow":"follow","max-snippet":"max-snippet:-1","max-image-preview":"max-image-preview:large","max-video-preview":"max-video-preview:-1"},"canonical":"https:\/\/observatori-igualtat.es\/cicle-de-capsules-formatives-virtuals-per-la-igualtat\/","og_locale":"es_ES","og_type":"article","og_title":"Ciclo de c\u00e1psulas formativas virtuales por la igualdad - Observatori per a la igualtat","og_description":"Ap\u00fantate al I Ciclo de C\u00e1psulas Formativas Virtuales para la Igualdad, organizado por el grupo de Investigaci\u00f3n de Estudios de g\u00e9nero de la UIB,\u00a0 durante el [\u2026]","og_url":"https:\/\/observatori-igualtat.es\/cicle-de-capsules-formatives-virtuals-per-la-igualtat\/","og_site_name":"Observatori per a la igualtat","article_publisher":"https:\/\/www.facebook.com\/institutbaleardeladona","article_published_time":"2024-11-11T11:25:37+00:00","article_modified_time":"2025-04-29T08:41:20+00:00","og_image":[{"width":640,"height":912,"url":"https:\/\/observatori-igualtat.es\/wp-content\/uploads\/2024\/11\/767922_Cartell-caIpsules-web.png","type":"image\/png"}],"author":"Agn\u00e9s Rado","twitter_card":"summary_large_image","twitter_creator":"@IB_Dona","twitter_site":"@IB_Dona","twitter_misc":{"Escrito por":"Agn\u00e9s Rado","Tiempo de lectura":"1 minuto"},"schema":{"@context":"https:\/\/schema.org","@graph":[{"@type":"Article","@id":"https:\/\/observatori-igualtat.es\/cicle-de-capsules-formatives-virtuals-per-la-igualtat\/#article","isPartOf":{"@id":"https:\/\/observatori-igualtat.es\/cicle-de-capsules-formatives-virtuals-per-la-igualtat\/"},"author":{"name":"Agn\u00e9s Rado","@id":"https:\/\/observatori-igualtat.es\/#\/schema\/person\/dd01de9fe214c5f304f21c57563413a1"},"headline":"Ciclo de c\u00e1psulas formativas virtuales por la igualdad","datePublished":"2024-11-11T11:25:37+00:00","dateModified":"2025-04-29T08:41:20+00:00","mainEntityOfPage":{"@id":"https:\/\/observatori-igualtat.es\/cicle-de-capsules-formatives-virtuals-per-la-igualtat\/"},"wordCount":203,"commentCount":0,"publisher":{"@id":"https:\/\/observatori-igualtat.es\/#organization"},"image":{"@id":"https:\/\/observatori-igualtat.es\/cicle-de-capsules-formatives-virtuals-per-la-igualtat\/#primaryimage"},"thumbnailUrl":"https:\/\/observatori-igualtat.es\/wp-content\/uploads\/2024\/11\/767922_Cartell-caIpsules-web.png","articleSection":["Sin categorizar"],"inLanguage":"es","potentialAction":[{"@type":"CommentAction","name":"Comment","target":["https:\/\/observatori-igualtat.es\/cicle-de-capsules-formatives-virtuals-per-la-igualtat\/#respond"]}]},{"@type":"WebPage","@id":"https:\/\/observatori-igualtat.es\/cicle-de-capsules-formatives-virtuals-per-la-igualtat\/","url":"https:\/\/observatori-igualtat.es\/cicle-de-capsules-formatives-virtuals-per-la-igualtat\/","name":"Ciclo de c\u00e1psulas formativas virtuales por la igualdad - Observatori per a la igualtat","isPartOf":{"@id":"https:\/\/observatori-igualtat.es\/#website"},"primaryImageOfPage":{"@id":"https:\/\/observatori-igualtat.es\/cicle-de-capsules-formatives-virtuals-per-la-igualtat\/#primaryimage"},"image":{"@id":"https:\/\/observatori-igualtat.es\/cicle-de-capsules-formatives-virtuals-per-la-igualtat\/#primaryimage"},"thumbnailUrl":"https:\/\/observatori-igualtat.es\/wp-content\/uploads\/2024\/11\/767922_Cartell-caIpsules-web.png","datePublished":"2024-11-11T11:25:37+00:00","dateModified":"2025-04-29T08:41:20+00:00","breadcrumb":{"@id":"https:\/\/observatori-igualtat.es\/cicle-de-capsules-formatives-virtuals-per-la-igualtat\/#breadcrumb"},"inLanguage":"es","potentialAction":[{"@type":"ReadAction","target":["https:\/\/observatori-igualtat.es\/cicle-de-capsules-formatives-virtuals-per-la-igualtat\/"]}]},{"@type":"ImageObject","inLanguage":"es","@id":"https:\/\/observatori-igualtat.es\/cicle-de-capsules-formatives-virtuals-per-la-igualtat\/#primaryimage","url":"https:\/\/observatori-igualtat.es\/wp-content\/uploads\/2024\/11\/767922_Cartell-caIpsules-web.png","contentUrl":"https:\/\/observatori-igualtat.es\/wp-content\/uploads\/2024\/11\/767922_Cartell-caIpsules-web.png","width":640,"height":912},{"@type":"BreadcrumbList","@id":"https:\/\/observatori-igualtat.es\/cicle-de-capsules-formatives-virtuals-per-la-igualtat\/#breadcrumb","itemListElement":[{"@type":"ListItem","position":1,"name":"Portada","item":"https:\/\/observatori-igualtat.es\/es\/"},{"@type":"ListItem","position":2,"name":"Ciclo de c\u00e1psulas formativas virtuales por la igualdad"}]},{"@type":"WebSite","@id":"https:\/\/observatori-igualtat.es\/#website","url":"https:\/\/observatori-igualtat.es\/","name":"Observatori per a la igualtat","description":"","publisher":{"@id":"https:\/\/observatori-igualtat.es\/#organization"},"potentialAction":[{"@type":"SearchAction","target":{"@type":"EntryPoint","urlTemplate":"https:\/\/observatori-igualtat.es\/?s={search_term_string}"},"query-input":{"@type":"PropertyValueSpecification","valueRequired":true,"valueName":"search_term_string"}}],"inLanguage":"es"},{"@type":"Organization","@id":"https:\/\/observatori-igualtat.es\/#organization","name":"Observatori per a la igualtat","url":"https:\/\/observatori-igualtat.es\/","logo":{"@type":"ImageObject","inLanguage":"es","@id":"https:\/\/observatori-igualtat.es\/#\/schema\/logo\/image\/","url":"https:\/\/observatori-igualtat.es\/wp-content\/uploads\/2021\/11\/cropped-lupa-icon.png","contentUrl":"https:\/\/observatori-igualtat.es\/wp-content\/uploads\/2021\/11\/cropped-lupa-icon.png","width":512,"height":512,"caption":"Observatori per a la igualtat"},"image":{"@id":"https:\/\/observatori-igualtat.es\/#\/schema\/logo\/image\/"},"sameAs":["https:\/\/www.facebook.com\/institutbaleardeladona","https:\/\/x.com\/IB_Dona","https:\/\/www.instagram.com\/ib_dona","https:\/\/www.youtube.com\/channel\/UC8SGWsVp4ABV3Ljo3rb_EGw"]},{"@type":"Person","@id":"https:\/\/observatori-igualtat.es\/#\/schema\/person\/dd01de9fe214c5f304f21c57563413a1","name":"Agn\u00e9s Rado","image":{"@type":"ImageObject","inLanguage":"es","@id":"https:\/\/observatori-igualtat.es\/#\/schema\/person\/image\/","url":"https:\/\/secure.gravatar.com\/avatar\/d2819353ff8e25dce62d33bf06648a754887fb373e2cf8e6d0e4929818cb4093?s=96&d=mm&r=g","contentUrl":"https:\/\/secure.gravatar.com\/avatar\/d2819353ff8e25dce62d33bf06648a754887fb373e2cf8e6d0e4929818cb4093?s=96&d=mm&r=g","caption":"Agn\u00e9s Rado"},"url":"https:\/\/observatori-igualtat.es\/es\/author\/agnes\/"}]}},"_links":{"self":[{"href":"https:\/\/observatori-igualtat.es\/es\/wp-json\/wp\/v2\/posts\/11528","targetHints":{"allow":["GET"]}}],"collection":[{"href":"https:\/\/observatori-igualtat.es\/es\/wp-json\/wp\/v2\/posts"}],"about":[{"href":"https:\/\/observatori-igualtat.es\/es\/wp-json\/wp\/v2\/types\/post"}],"author":[{"embeddable":true,"href":"https:\/\/observatori-igualtat.es\/es\/wp-json\/wp\/v2\/users\/2"}],"replies":[{"embeddable":true,"href":"https:\/\/observatori-igualtat.es\/es\/wp-json\/wp\/v2\/comments?post=11528"}],"version-history":[{"count":1,"href":"https:\/\/observatori-igualtat.es\/es\/wp-json\/wp\/v2\/posts\/11528\/revisions"}],"predecessor-version":[{"id":11529,"href":"https:\/\/observatori-igualtat.es\/es\/wp-json\/wp\/v2\/posts\/11528\/revisions\/11529"}],"wp:featuredmedia":[{"embeddable":true,"href":"https:\/\/observatori-igualtat.es\/es\/wp-json\/wp\/v2\/media\/11524"}],"wp:attachment":[{"href":"https:\/\/observatori-igualtat.es\/es\/wp-json\/wp\/v2\/media?parent=11528"}],"wp:term":[{"taxonomy":"category","embeddable":true,"href":"https:\/\/observatori-igualtat.es\/es\/wp-json\/wp\/v2\/categories?post=11528"},{"taxonomy":"post_tag","embeddable":true,"href":"https:\/\/observatori-igualtat.es\/es\/wp-json\/wp\/v2\/tags?post=11528"}],"curies":[{"name":"wp","href":"https:\/\/api.w.org\/{rel}","templated":true}]}}