{"id":13706,"date":"2025-09-01T12:24:04","date_gmt":"2025-09-01T11:24:04","guid":{"rendered":"https:\/\/observatori-igualtat.es\/la-fueib-presenta-tres-noves-microcredencials-en-genere-i-igualtat\/"},"modified":"2025-09-01T12:46:17","modified_gmt":"2025-09-01T11:46:17","slug":"la-fueib-presenta-tres-noves-microcredencials-en-genere-i-igualtat","status":"publish","type":"post","link":"https:\/\/observatori-igualtat.es\/es\/la-fueib-presenta-tres-noves-microcredencials-en-genere-i-igualtat\/","title":{"rendered":"La FUEIB presenta tres nuevas microcredenciales en g\u00e9nero e igualdad"},"content":{"rendered":"<p><strong>La Fundaci\u00f3n Universidad-Empresa de les Illes Balears (FUEIB) presenta tres nuevas microcredenciales del Programa de Capacitaci\u00f3n Profesional en G\u00e9nero.<\/strong><\/p>\n<p>Se trata de formaciones universitarias breves, pr\u00e1cticas y reconocidas (1 ECTS) que te permitir\u00e1n adquirir herramientas esenciales para promover la igualdad y prevenir situaciones de discriminaci\u00f3n en diferentes \u00e1mbitos:<\/p>\n<p><strong>\ud83d\udd39 Lenguaje inclusivo a la Administraci\u00f3n P\u00fablica: Herramientas para evitar el lenguaje sexista y los estereotipos de g\u00e9nero<\/strong><br \/>\n<a href=\"https:\/\/fueib.org\/ca\/microcredencials\/808\/formacion\/curso\/1501\/microcredencial-universitaria-de-llenguatge-inclusiu-a-ladministracio-publica-eines-per-evitar-el-ll?utm_source=chatgpt.com\">M\u00e1s informaci\u00f3n e inscripciones<\/a><\/p>\n<p><strong>Identificaci\u00f3n y abordaje del acoso sexual: Protocolos de actuaci\u00f3n y buenas pr\u00e1cticas<\/strong><br \/>\n<a href=\"https:\/\/fueib.org\/ca\/microcredencials\/808\/formacion\/curso\/1499\/microcredencial-universitaria-didentificacio-i-abordatge-de-lassetjament-sexual-protocols-dactuacio-?utm_source=chatgpt.com\">M\u00e1s informaci\u00f3n e inscripciones<\/a><\/p>\n<p>\ud83d\udd39<strong>Deporte e igualdad: Prevenci\u00f3n de desigualdades y construcci\u00f3n de espacios<\/strong> <strong>seguros en el \u00e1mbito deportivo<\/strong><br \/>\n<a href=\"https:\/\/fueib.org\/ca\/microcredencials\/808\/formacion\/curso\/1500\/microcredencial-universitaria-desport-i-igualtat-prevencio-de-desigualtats-i-construccio-despais-seg?utm_source=chatgpt.com\">M\u00e1s informaci\u00f3n e inscripciones<\/a><\/p>\n<p>\ud83d\udccc Una oportunidad para formarte y contribuir a una sociedad m\u00e1s justa e igualitaria.<\/p>\n","protected":false},"excerpt":{"rendered":"<p>La Fundaci\u00f3n Universidad-Empresa de les Illes Balears (FUEIB) presenta tres nuevas microcredenciales del Programa de Capacitaci\u00f3n Profesional en G\u00e9nero. Se trata de formaciones universitarias breves, pr\u00e1cticas<span class=\"excerpt-hellip\"> [\u2026]<\/span><\/p>\n","protected":false},"author":2,"featured_media":13700,"comment_status":"open","ping_status":"open","sticky":false,"template":"","format":"standard","meta":{"inline_featured_image":false,"footnotes":""},"categories":[12],"tags":[],"class_list":["post-13706","post","type-post","status-publish","format-standard","has-post-thumbnail","hentry","category-sin-categorizar"],"yoast_head":"<!-- This site is optimized with the Yoast SEO plugin v26.9 - https:\/\/yoast.com\/product\/yoast-seo-wordpress\/ -->\n<title>La FUEIB presenta tres nuevas microcredenciales en g\u00e9nero e igualdad - Observatori per a la igualtat<\/title>\n<meta name=\"robots\" content=\"index, follow, max-snippet:-1, max-image-preview:large, max-video-preview:-1\" \/>\n<link rel=\"canonical\" href=\"https:\/\/observatori-igualtat.es\/la-fueib-presenta-tres-noves-microcredencials-en-genere-i-igualtat\/\" \/>\n<meta property=\"og:locale\" content=\"es_ES\" \/>\n<meta property=\"og:type\" content=\"article\" \/>\n<meta property=\"og:title\" content=\"La FUEIB presenta tres nuevas microcredenciales en g\u00e9nero e igualdad - Observatori per a la igualtat\" \/>\n<meta property=\"og:description\" content=\"La Fundaci\u00f3n Universidad-Empresa de les Illes Balears (FUEIB) presenta tres nuevas microcredenciales del Programa de Capacitaci\u00f3n Profesional en G\u00e9nero. Se trata de formaciones universitarias breves, pr\u00e1cticas [\u2026]\" \/>\n<meta property=\"og:url\" content=\"https:\/\/observatori-igualtat.es\/la-fueib-presenta-tres-noves-microcredencials-en-genere-i-igualtat\/\" \/>\n<meta property=\"og:site_name\" content=\"Observatori per a la igualtat\" \/>\n<meta property=\"article:publisher\" content=\"https:\/\/www.facebook.com\/institutbaleardeladona\" \/>\n<meta property=\"article:published_time\" content=\"2025-09-01T11:24:04+00:00\" \/>\n<meta property=\"article:modified_time\" content=\"2025-09-01T11:46:17+00:00\" \/>\n<meta property=\"og:image\" content=\"https:\/\/observatori-igualtat.es\/wp-content\/uploads\/2025\/09\/identificacio__i_abordatg___acio__i_bones_pra_ctiques.jpg\" \/>\n\t<meta property=\"og:image:width\" content=\"200\" \/>\n\t<meta property=\"og:image:height\" content=\"150\" \/>\n\t<meta property=\"og:image:type\" content=\"image\/jpeg\" \/>\n<meta name=\"author\" content=\"Agn\u00e9s Rado\" \/>\n<meta name=\"twitter:card\" content=\"summary_large_image\" \/>\n<meta name=\"twitter:creator\" content=\"@IB_Dona\" \/>\n<meta name=\"twitter:site\" content=\"@IB_Dona\" \/>\n<meta name=\"twitter:label1\" content=\"Escrito por\" \/>\n\t<meta name=\"twitter:data1\" content=\"Agn\u00e9s Rado\" \/>\n\t<meta name=\"twitter:label2\" content=\"Tiempo de lectura\" \/>\n\t<meta name=\"twitter:data2\" content=\"1 minuto\" \/>\n<script type=\"application\/ld+json\" class=\"yoast-schema-graph\">{\"@context\":\"https:\/\/schema.org\",\"@graph\":[{\"@type\":\"Article\",\"@id\":\"https:\/\/observatori-igualtat.es\/la-fueib-presenta-tres-noves-microcredencials-en-genere-i-igualtat\/#article\",\"isPartOf\":{\"@id\":\"https:\/\/observatori-igualtat.es\/la-fueib-presenta-tres-noves-microcredencials-en-genere-i-igualtat\/\"},\"author\":{\"name\":\"Agn\u00e9s Rado\",\"@id\":\"https:\/\/observatori-igualtat.es\/#\/schema\/person\/dd01de9fe214c5f304f21c57563413a1\"},\"headline\":\"La FUEIB presenta tres nuevas microcredenciales en g\u00e9nero e igualdad\",\"datePublished\":\"2025-09-01T11:24:04+00:00\",\"dateModified\":\"2025-09-01T11:46:17+00:00\",\"mainEntityOfPage\":{\"@id\":\"https:\/\/observatori-igualtat.es\/la-fueib-presenta-tres-noves-microcredencials-en-genere-i-igualtat\/\"},\"wordCount\":148,\"commentCount\":0,\"publisher\":{\"@id\":\"https:\/\/observatori-igualtat.es\/#organization\"},\"image\":{\"@id\":\"https:\/\/observatori-igualtat.es\/la-fueib-presenta-tres-noves-microcredencials-en-genere-i-igualtat\/#primaryimage\"},\"thumbnailUrl\":\"https:\/\/observatori-igualtat.es\/wp-content\/uploads\/2025\/09\/identificacio__i_abordatg___acio__i_bones_pra_ctiques.jpg\",\"articleSection\":[\"Sin categorizar\"],\"inLanguage\":\"es\",\"potentialAction\":[{\"@type\":\"CommentAction\",\"name\":\"Comment\",\"target\":[\"https:\/\/observatori-igualtat.es\/la-fueib-presenta-tres-noves-microcredencials-en-genere-i-igualtat\/#respond\"]}]},{\"@type\":\"WebPage\",\"@id\":\"https:\/\/observatori-igualtat.es\/la-fueib-presenta-tres-noves-microcredencials-en-genere-i-igualtat\/\",\"url\":\"https:\/\/observatori-igualtat.es\/la-fueib-presenta-tres-noves-microcredencials-en-genere-i-igualtat\/\",\"name\":\"La FUEIB presenta tres nuevas microcredenciales en g\u00e9nero e igualdad - Observatori per a la igualtat\",\"isPartOf\":{\"@id\":\"https:\/\/observatori-igualtat.es\/#website\"},\"primaryImageOfPage\":{\"@id\":\"https:\/\/observatori-igualtat.es\/la-fueib-presenta-tres-noves-microcredencials-en-genere-i-igualtat\/#primaryimage\"},\"image\":{\"@id\":\"https:\/\/observatori-igualtat.es\/la-fueib-presenta-tres-noves-microcredencials-en-genere-i-igualtat\/#primaryimage\"},\"thumbnailUrl\":\"https:\/\/observatori-igualtat.es\/wp-content\/uploads\/2025\/09\/identificacio__i_abordatg___acio__i_bones_pra_ctiques.jpg\",\"datePublished\":\"2025-09-01T11:24:04+00:00\",\"dateModified\":\"2025-09-01T11:46:17+00:00\",\"breadcrumb\":{\"@id\":\"https:\/\/observatori-igualtat.es\/la-fueib-presenta-tres-noves-microcredencials-en-genere-i-igualtat\/#breadcrumb\"},\"inLanguage\":\"es\",\"potentialAction\":[{\"@type\":\"ReadAction\",\"target\":[\"https:\/\/observatori-igualtat.es\/la-fueib-presenta-tres-noves-microcredencials-en-genere-i-igualtat\/\"]}]},{\"@type\":\"ImageObject\",\"inLanguage\":\"es\",\"@id\":\"https:\/\/observatori-igualtat.es\/la-fueib-presenta-tres-noves-microcredencials-en-genere-i-igualtat\/#primaryimage\",\"url\":\"https:\/\/observatori-igualtat.es\/wp-content\/uploads\/2025\/09\/identificacio__i_abordatg___acio__i_bones_pra_ctiques.jpg\",\"contentUrl\":\"https:\/\/observatori-igualtat.es\/wp-content\/uploads\/2025\/09\/identificacio__i_abordatg___acio__i_bones_pra_ctiques.jpg\",\"width\":200,\"height\":150},{\"@type\":\"BreadcrumbList\",\"@id\":\"https:\/\/observatori-igualtat.es\/la-fueib-presenta-tres-noves-microcredencials-en-genere-i-igualtat\/#breadcrumb\",\"itemListElement\":[{\"@type\":\"ListItem\",\"position\":1,\"name\":\"Portada\",\"item\":\"https:\/\/observatori-igualtat.es\/es\/\"},{\"@type\":\"ListItem\",\"position\":2,\"name\":\"La FUEIB presenta tres nuevas microcredenciales en g\u00e9nero e igualdad\"}]},{\"@type\":\"WebSite\",\"@id\":\"https:\/\/observatori-igualtat.es\/#website\",\"url\":\"https:\/\/observatori-igualtat.es\/\",\"name\":\"Observatori per a la igualtat\",\"description\":\"\",\"publisher\":{\"@id\":\"https:\/\/observatori-igualtat.es\/#organization\"},\"potentialAction\":[{\"@type\":\"SearchAction\",\"target\":{\"@type\":\"EntryPoint\",\"urlTemplate\":\"https:\/\/observatori-igualtat.es\/?s={search_term_string}\"},\"query-input\":{\"@type\":\"PropertyValueSpecification\",\"valueRequired\":true,\"valueName\":\"search_term_string\"}}],\"inLanguage\":\"es\"},{\"@type\":\"Organization\",\"@id\":\"https:\/\/observatori-igualtat.es\/#organization\",\"name\":\"Observatori per a la igualtat\",\"url\":\"https:\/\/observatori-igualtat.es\/\",\"logo\":{\"@type\":\"ImageObject\",\"inLanguage\":\"es\",\"@id\":\"https:\/\/observatori-igualtat.es\/#\/schema\/logo\/image\/\",\"url\":\"https:\/\/observatori-igualtat.es\/wp-content\/uploads\/2021\/11\/cropped-lupa-icon.png\",\"contentUrl\":\"https:\/\/observatori-igualtat.es\/wp-content\/uploads\/2021\/11\/cropped-lupa-icon.png\",\"width\":512,\"height\":512,\"caption\":\"Observatori per a la igualtat\"},\"image\":{\"@id\":\"https:\/\/observatori-igualtat.es\/#\/schema\/logo\/image\/\"},\"sameAs\":[\"https:\/\/www.facebook.com\/institutbaleardeladona\",\"https:\/\/x.com\/IB_Dona\",\"https:\/\/www.instagram.com\/ib_dona\",\"https:\/\/www.youtube.com\/channel\/UC8SGWsVp4ABV3Ljo3rb_EGw\"]},{\"@type\":\"Person\",\"@id\":\"https:\/\/observatori-igualtat.es\/#\/schema\/person\/dd01de9fe214c5f304f21c57563413a1\",\"name\":\"Agn\u00e9s Rado\",\"image\":{\"@type\":\"ImageObject\",\"inLanguage\":\"es\",\"@id\":\"https:\/\/observatori-igualtat.es\/#\/schema\/person\/image\/\",\"url\":\"https:\/\/secure.gravatar.com\/avatar\/d2819353ff8e25dce62d33bf06648a754887fb373e2cf8e6d0e4929818cb4093?s=96&d=mm&r=g\",\"contentUrl\":\"https:\/\/secure.gravatar.com\/avatar\/d2819353ff8e25dce62d33bf06648a754887fb373e2cf8e6d0e4929818cb4093?s=96&d=mm&r=g\",\"caption\":\"Agn\u00e9s Rado\"},\"url\":\"https:\/\/observatori-igualtat.es\/es\/author\/agnes\/\"}]}<\/script>\n<!-- \/ Yoast SEO plugin. -->","yoast_head_json":{"title":"La FUEIB presenta tres nuevas microcredenciales en g\u00e9nero e igualdad - Observatori per a la igualtat","robots":{"index":"index","follow":"follow","max-snippet":"max-snippet:-1","max-image-preview":"max-image-preview:large","max-video-preview":"max-video-preview:-1"},"canonical":"https:\/\/observatori-igualtat.es\/la-fueib-presenta-tres-noves-microcredencials-en-genere-i-igualtat\/","og_locale":"es_ES","og_type":"article","og_title":"La FUEIB presenta tres nuevas microcredenciales en g\u00e9nero e igualdad - Observatori per a la igualtat","og_description":"La Fundaci\u00f3n Universidad-Empresa de les Illes Balears (FUEIB) presenta tres nuevas microcredenciales del Programa de Capacitaci\u00f3n Profesional en G\u00e9nero. Se trata de formaciones universitarias breves, pr\u00e1cticas [\u2026]","og_url":"https:\/\/observatori-igualtat.es\/la-fueib-presenta-tres-noves-microcredencials-en-genere-i-igualtat\/","og_site_name":"Observatori per a la igualtat","article_publisher":"https:\/\/www.facebook.com\/institutbaleardeladona","article_published_time":"2025-09-01T11:24:04+00:00","article_modified_time":"2025-09-01T11:46:17+00:00","og_image":[{"width":200,"height":150,"url":"https:\/\/observatori-igualtat.es\/wp-content\/uploads\/2025\/09\/identificacio__i_abordatg___acio__i_bones_pra_ctiques.jpg","type":"image\/jpeg"}],"author":"Agn\u00e9s Rado","twitter_card":"summary_large_image","twitter_creator":"@IB_Dona","twitter_site":"@IB_Dona","twitter_misc":{"Escrito por":"Agn\u00e9s Rado","Tiempo de lectura":"1 minuto"},"schema":{"@context":"https:\/\/schema.org","@graph":[{"@type":"Article","@id":"https:\/\/observatori-igualtat.es\/la-fueib-presenta-tres-noves-microcredencials-en-genere-i-igualtat\/#article","isPartOf":{"@id":"https:\/\/observatori-igualtat.es\/la-fueib-presenta-tres-noves-microcredencials-en-genere-i-igualtat\/"},"author":{"name":"Agn\u00e9s Rado","@id":"https:\/\/observatori-igualtat.es\/#\/schema\/person\/dd01de9fe214c5f304f21c57563413a1"},"headline":"La FUEIB presenta tres nuevas microcredenciales en g\u00e9nero e igualdad","datePublished":"2025-09-01T11:24:04+00:00","dateModified":"2025-09-01T11:46:17+00:00","mainEntityOfPage":{"@id":"https:\/\/observatori-igualtat.es\/la-fueib-presenta-tres-noves-microcredencials-en-genere-i-igualtat\/"},"wordCount":148,"commentCount":0,"publisher":{"@id":"https:\/\/observatori-igualtat.es\/#organization"},"image":{"@id":"https:\/\/observatori-igualtat.es\/la-fueib-presenta-tres-noves-microcredencials-en-genere-i-igualtat\/#primaryimage"},"thumbnailUrl":"https:\/\/observatori-igualtat.es\/wp-content\/uploads\/2025\/09\/identificacio__i_abordatg___acio__i_bones_pra_ctiques.jpg","articleSection":["Sin categorizar"],"inLanguage":"es","potentialAction":[{"@type":"CommentAction","name":"Comment","target":["https:\/\/observatori-igualtat.es\/la-fueib-presenta-tres-noves-microcredencials-en-genere-i-igualtat\/#respond"]}]},{"@type":"WebPage","@id":"https:\/\/observatori-igualtat.es\/la-fueib-presenta-tres-noves-microcredencials-en-genere-i-igualtat\/","url":"https:\/\/observatori-igualtat.es\/la-fueib-presenta-tres-noves-microcredencials-en-genere-i-igualtat\/","name":"La FUEIB presenta tres nuevas microcredenciales en g\u00e9nero e igualdad - Observatori per a la igualtat","isPartOf":{"@id":"https:\/\/observatori-igualtat.es\/#website"},"primaryImageOfPage":{"@id":"https:\/\/observatori-igualtat.es\/la-fueib-presenta-tres-noves-microcredencials-en-genere-i-igualtat\/#primaryimage"},"image":{"@id":"https:\/\/observatori-igualtat.es\/la-fueib-presenta-tres-noves-microcredencials-en-genere-i-igualtat\/#primaryimage"},"thumbnailUrl":"https:\/\/observatori-igualtat.es\/wp-content\/uploads\/2025\/09\/identificacio__i_abordatg___acio__i_bones_pra_ctiques.jpg","datePublished":"2025-09-01T11:24:04+00:00","dateModified":"2025-09-01T11:46:17+00:00","breadcrumb":{"@id":"https:\/\/observatori-igualtat.es\/la-fueib-presenta-tres-noves-microcredencials-en-genere-i-igualtat\/#breadcrumb"},"inLanguage":"es","potentialAction":[{"@type":"ReadAction","target":["https:\/\/observatori-igualtat.es\/la-fueib-presenta-tres-noves-microcredencials-en-genere-i-igualtat\/"]}]},{"@type":"ImageObject","inLanguage":"es","@id":"https:\/\/observatori-igualtat.es\/la-fueib-presenta-tres-noves-microcredencials-en-genere-i-igualtat\/#primaryimage","url":"https:\/\/observatori-igualtat.es\/wp-content\/uploads\/2025\/09\/identificacio__i_abordatg___acio__i_bones_pra_ctiques.jpg","contentUrl":"https:\/\/observatori-igualtat.es\/wp-content\/uploads\/2025\/09\/identificacio__i_abordatg___acio__i_bones_pra_ctiques.jpg","width":200,"height":150},{"@type":"BreadcrumbList","@id":"https:\/\/observatori-igualtat.es\/la-fueib-presenta-tres-noves-microcredencials-en-genere-i-igualtat\/#breadcrumb","itemListElement":[{"@type":"ListItem","position":1,"name":"Portada","item":"https:\/\/observatori-igualtat.es\/es\/"},{"@type":"ListItem","position":2,"name":"La FUEIB presenta tres nuevas microcredenciales en g\u00e9nero e igualdad"}]},{"@type":"WebSite","@id":"https:\/\/observatori-igualtat.es\/#website","url":"https:\/\/observatori-igualtat.es\/","name":"Observatori per a la igualtat","description":"","publisher":{"@id":"https:\/\/observatori-igualtat.es\/#organization"},"potentialAction":[{"@type":"SearchAction","target":{"@type":"EntryPoint","urlTemplate":"https:\/\/observatori-igualtat.es\/?s={search_term_string}"},"query-input":{"@type":"PropertyValueSpecification","valueRequired":true,"valueName":"search_term_string"}}],"inLanguage":"es"},{"@type":"Organization","@id":"https:\/\/observatori-igualtat.es\/#organization","name":"Observatori per a la igualtat","url":"https:\/\/observatori-igualtat.es\/","logo":{"@type":"ImageObject","inLanguage":"es","@id":"https:\/\/observatori-igualtat.es\/#\/schema\/logo\/image\/","url":"https:\/\/observatori-igualtat.es\/wp-content\/uploads\/2021\/11\/cropped-lupa-icon.png","contentUrl":"https:\/\/observatori-igualtat.es\/wp-content\/uploads\/2021\/11\/cropped-lupa-icon.png","width":512,"height":512,"caption":"Observatori per a la igualtat"},"image":{"@id":"https:\/\/observatori-igualtat.es\/#\/schema\/logo\/image\/"},"sameAs":["https:\/\/www.facebook.com\/institutbaleardeladona","https:\/\/x.com\/IB_Dona","https:\/\/www.instagram.com\/ib_dona","https:\/\/www.youtube.com\/channel\/UC8SGWsVp4ABV3Ljo3rb_EGw"]},{"@type":"Person","@id":"https:\/\/observatori-igualtat.es\/#\/schema\/person\/dd01de9fe214c5f304f21c57563413a1","name":"Agn\u00e9s Rado","image":{"@type":"ImageObject","inLanguage":"es","@id":"https:\/\/observatori-igualtat.es\/#\/schema\/person\/image\/","url":"https:\/\/secure.gravatar.com\/avatar\/d2819353ff8e25dce62d33bf06648a754887fb373e2cf8e6d0e4929818cb4093?s=96&d=mm&r=g","contentUrl":"https:\/\/secure.gravatar.com\/avatar\/d2819353ff8e25dce62d33bf06648a754887fb373e2cf8e6d0e4929818cb4093?s=96&d=mm&r=g","caption":"Agn\u00e9s Rado"},"url":"https:\/\/observatori-igualtat.es\/es\/author\/agnes\/"}]}},"_links":{"self":[{"href":"https:\/\/observatori-igualtat.es\/es\/wp-json\/wp\/v2\/posts\/13706","targetHints":{"allow":["GET"]}}],"collection":[{"href":"https:\/\/observatori-igualtat.es\/es\/wp-json\/wp\/v2\/posts"}],"about":[{"href":"https:\/\/observatori-igualtat.es\/es\/wp-json\/wp\/v2\/types\/post"}],"author":[{"embeddable":true,"href":"https:\/\/observatori-igualtat.es\/es\/wp-json\/wp\/v2\/users\/2"}],"replies":[{"embeddable":true,"href":"https:\/\/observatori-igualtat.es\/es\/wp-json\/wp\/v2\/comments?post=13706"}],"version-history":[{"count":1,"href":"https:\/\/observatori-igualtat.es\/es\/wp-json\/wp\/v2\/posts\/13706\/revisions"}],"predecessor-version":[{"id":13708,"href":"https:\/\/observatori-igualtat.es\/es\/wp-json\/wp\/v2\/posts\/13706\/revisions\/13708"}],"wp:featuredmedia":[{"embeddable":true,"href":"https:\/\/observatori-igualtat.es\/es\/wp-json\/wp\/v2\/media\/13700"}],"wp:attachment":[{"href":"https:\/\/observatori-igualtat.es\/es\/wp-json\/wp\/v2\/media?parent=13706"}],"wp:term":[{"taxonomy":"category","embeddable":true,"href":"https:\/\/observatori-igualtat.es\/es\/wp-json\/wp\/v2\/categories?post=13706"},{"taxonomy":"post_tag","embeddable":true,"href":"https:\/\/observatori-igualtat.es\/es\/wp-json\/wp\/v2\/tags?post=13706"}],"curies":[{"name":"wp","href":"https:\/\/api.w.org\/{rel}","templated":true}]}}