{"id":14711,"date":"2025-11-20T10:47:57","date_gmt":"2025-11-20T09:47:57","guid":{"rendered":"https:\/\/observatori-igualtat.es\/programa-25n-dia-internacional-de-la-eliminacion-de-la-violencia-contra-las-mujeres\/"},"modified":"2025-11-20T12:06:42","modified_gmt":"2025-11-20T11:06:42","slug":"programa-25n-dia-internacional-de-la-eliminacion-de-la-violencia-contra-las-mujeres","status":"publish","type":"post","link":"https:\/\/observatori-igualtat.es\/es\/programa-25n-dia-internacional-de-la-eliminacion-de-la-violencia-contra-las-mujeres\/","title":{"rendered":"PROGRAMA 25N. D\u00eda Internacional de la Eliminaci\u00f3n de la Violencia contra las Mujeres"},"content":{"rendered":"\t\t<div data-elementor-type=\"wp-post\" data-elementor-id=\"14711\" class=\"elementor elementor-14711 elementor-14703\" data-elementor-post-type=\"post\">\r\n\t\t\t\t\t\t<section class=\"elementor-section elementor-top-section elementor-element elementor-element-fbc22d3 elementor-section-boxed elementor-section-height-default elementor-section-height-default\" data-id=\"fbc22d3\" data-element_type=\"section\">\r\n\t\t\t\t\t\t<div class=\"elementor-container elementor-column-gap-default\">\r\n\t\t\t\t\t<div class=\"elementor-column elementor-col-100 elementor-top-column elementor-element elementor-element-34043062\" data-id=\"34043062\" data-element_type=\"column\">\r\n\t\t\t<div class=\"elementor-widget-wrap elementor-element-populated\">\r\n\t\t\t\t\t\t<div class=\"elementor-element elementor-element-6687b7c7 elementor-widget elementor-widget-text-editor\" data-id=\"6687b7c7\" data-element_type=\"widget\" data-widget_type=\"text-editor.default\">\r\n\t\t\t\t<div class=\"elementor-widget-container\">\r\n\t\t\t\t\t\t\t<p>PROGRAMA 25N<\/p><p>D\u00eda Internacional de la Eliminaci\u00f3n de la Violencia contra las Mujeres<\/p><p>\u00abAlza la voz ante la violencia contra las mujeres\u00bb.\u00a0IBDONA.<\/p><p><a href=\"https:\/\/www.caib.es\/sites\/ibdona\/ca\/programa_activitats_2025\/\"><img fetchpriority=\"high\" decoding=\"async\" class=\"alignnone size-medium wp-image-14724\" src=\"https:\/\/observatori-igualtat.es\/wp-content\/uploads\/2025\/11\/25n-ibd-240x300.jpg\" alt=\"\" width=\"240\" height=\"300\" srcset=\"https:\/\/observatori-igualtat.es\/wp-content\/uploads\/2025\/11\/25n-ibd-240x300.jpg 240w, https:\/\/observatori-igualtat.es\/wp-content\/uploads\/2025\/11\/25n-ibd-819x1024.jpg 819w, https:\/\/observatori-igualtat.es\/wp-content\/uploads\/2025\/11\/25n-ibd-768x960.jpg 768w, https:\/\/observatori-igualtat.es\/wp-content\/uploads\/2025\/11\/25n-ibd-1229x1536.jpg 1229w, https:\/\/observatori-igualtat.es\/wp-content\/uploads\/2025\/11\/25n-ibd-60x75.jpg 60w, https:\/\/observatori-igualtat.es\/wp-content\/uploads\/2025\/11\/25n-ibd-480x600.jpg 480w, https:\/\/observatori-igualtat.es\/wp-content\/uploads\/2025\/11\/25n-ibd.jpg 1280w\" sizes=\"(max-width:767px) 240px, 240px\" \/><\/a><\/p><p>\u00a0<\/p><p><strong>Programa en versi\u00f3n imprimible<\/strong><\/p><p><a href=\"https:\/\/www.caib.es\/sites\/ibdona\/ca\/programa_activitats_2025\/archivopub.do?ctrl=MCRST15087ZI534887&amp;id=534887\">AAFF_programa_general_25N.pdfAAFF_programa_general_25N.pdf<\/a><\/p><p><strong>Cartel en versi\u00f3n imprimible<\/strong><\/p><p><a href=\"https:\/\/www.caib.es\/sites\/ibdona\/ca\/programa_activitats_2025\/archivopub.do?ctrl=MCRST15087ZI534889&amp;id=534889\">AAFF_cartel_25N.pdfAAFF_cartel_25N.pdf<\/a><\/p>\t\t\t\t\t\t<\/div>\r\n\t\t\t\t<\/div>\r\n\t\t\t\t\t<\/div>\r\n\t\t<\/div>\r\n\t\t\t\t\t<\/div>\r\n\t\t<\/section>\r\n\t\t\t\t<\/div>\r\n\t\t","protected":false},"excerpt":{"rendered":"<p>PROGRAMA 25N D\u00eda Internacional de la Eliminaci\u00f3n de la Violencia contra las Mujeres \u00abAlza la voz ante la violencia contra las mujeres\u00bb.\u00a0IBDONA. \u00a0 Programa en versi\u00f3n<span class=\"excerpt-hellip\"> [\u2026]<\/span><\/p>\n","protected":false},"author":2,"featured_media":14724,"comment_status":"open","ping_status":"open","sticky":false,"template":"","format":"standard","meta":{"inline_featured_image":false,"footnotes":""},"categories":[12],"tags":[],"class_list":["post-14711","post","type-post","status-publish","format-standard","has-post-thumbnail","hentry","category-sin-categorizar"],"yoast_head":"<!-- This site is optimized with the Yoast SEO plugin v26.9 - https:\/\/yoast.com\/product\/yoast-seo-wordpress\/ -->\n<title>PROGRAMA 25N. D\u00eda Internacional de la Eliminaci\u00f3n de la Violencia contra las Mujeres - Observatori per a la igualtat<\/title>\n<meta name=\"robots\" content=\"index, follow, max-snippet:-1, max-image-preview:large, max-video-preview:-1\" \/>\n<link rel=\"canonical\" href=\"https:\/\/observatori-igualtat.es\/programa-25n-dia-internacional-de-leliminacio-de-la-violencia-contra-les-dones\/\" \/>\n<meta property=\"og:locale\" content=\"es_ES\" \/>\n<meta property=\"og:type\" content=\"article\" \/>\n<meta property=\"og:title\" content=\"PROGRAMA 25N. D\u00eda Internacional de la Eliminaci\u00f3n de la Violencia contra las Mujeres - Observatori per a la igualtat\" \/>\n<meta property=\"og:description\" content=\"PROGRAMA 25N D\u00eda Internacional de la Eliminaci\u00f3n de la Violencia contra las Mujeres \u00abAlza la voz ante la violencia contra las mujeres\u00bb.\u00a0IBDONA. \u00a0 Programa en versi\u00f3n [\u2026]\" \/>\n<meta property=\"og:url\" content=\"https:\/\/observatori-igualtat.es\/programa-25n-dia-internacional-de-leliminacio-de-la-violencia-contra-les-dones\/\" \/>\n<meta property=\"og:site_name\" content=\"Observatori per a la igualtat\" \/>\n<meta property=\"article:publisher\" content=\"https:\/\/www.facebook.com\/institutbaleardeladona\" \/>\n<meta property=\"article:published_time\" content=\"2025-11-20T09:47:57+00:00\" \/>\n<meta property=\"article:modified_time\" content=\"2025-11-20T11:06:42+00:00\" \/>\n<meta property=\"og:image\" content=\"https:\/\/observatori-igualtat.es\/wp-content\/uploads\/2025\/11\/25n-ibd-e1764928078176.jpg\" \/>\n\t<meta property=\"og:image:width\" content=\"1280\" \/>\n\t<meta property=\"og:image:height\" content=\"1600\" \/>\n\t<meta property=\"og:image:type\" content=\"image\/jpeg\" \/>\n<meta name=\"author\" content=\"Agn\u00e9s Rado\" \/>\n<meta name=\"twitter:card\" content=\"summary_large_image\" \/>\n<meta name=\"twitter:creator\" content=\"@IB_Dona\" \/>\n<meta name=\"twitter:site\" content=\"@IB_Dona\" \/>\n<meta name=\"twitter:label1\" content=\"Escrito por\" \/>\n\t<meta name=\"twitter:data1\" content=\"Agn\u00e9s Rado\" \/>\n<script type=\"application\/ld+json\" class=\"yoast-schema-graph\">{\"@context\":\"https:\/\/schema.org\",\"@graph\":[{\"@type\":\"Article\",\"@id\":\"https:\/\/observatori-igualtat.es\/programa-25n-dia-internacional-de-leliminacio-de-la-violencia-contra-les-dones\/#article\",\"isPartOf\":{\"@id\":\"https:\/\/observatori-igualtat.es\/programa-25n-dia-internacional-de-leliminacio-de-la-violencia-contra-les-dones\/\"},\"author\":{\"name\":\"Agn\u00e9s Rado\",\"@id\":\"https:\/\/observatori-igualtat.es\/#\/schema\/person\/dd01de9fe214c5f304f21c57563413a1\"},\"headline\":\"PROGRAMA 25N. D\u00eda Internacional de la Eliminaci\u00f3n de la Violencia contra las Mujeres\",\"datePublished\":\"2025-11-20T09:47:57+00:00\",\"dateModified\":\"2025-11-20T11:06:42+00:00\",\"mainEntityOfPage\":{\"@id\":\"https:\/\/observatori-igualtat.es\/programa-25n-dia-internacional-de-leliminacio-de-la-violencia-contra-les-dones\/\"},\"wordCount\":66,\"commentCount\":0,\"publisher\":{\"@id\":\"https:\/\/observatori-igualtat.es\/#organization\"},\"image\":{\"@id\":\"https:\/\/observatori-igualtat.es\/programa-25n-dia-internacional-de-leliminacio-de-la-violencia-contra-les-dones\/#primaryimage\"},\"thumbnailUrl\":\"https:\/\/observatori-igualtat.es\/wp-content\/uploads\/2025\/11\/25n-ibd-e1764928078176.jpg\",\"articleSection\":[\"Sin categorizar\"],\"inLanguage\":\"es\",\"potentialAction\":[{\"@type\":\"CommentAction\",\"name\":\"Comment\",\"target\":[\"https:\/\/observatori-igualtat.es\/programa-25n-dia-internacional-de-leliminacio-de-la-violencia-contra-les-dones\/#respond\"]}]},{\"@type\":\"WebPage\",\"@id\":\"https:\/\/observatori-igualtat.es\/programa-25n-dia-internacional-de-leliminacio-de-la-violencia-contra-les-dones\/\",\"url\":\"https:\/\/observatori-igualtat.es\/programa-25n-dia-internacional-de-leliminacio-de-la-violencia-contra-les-dones\/\",\"name\":\"PROGRAMA 25N. D\u00eda Internacional de la Eliminaci\u00f3n de la Violencia contra las Mujeres - Observatori per a la igualtat\",\"isPartOf\":{\"@id\":\"https:\/\/observatori-igualtat.es\/#website\"},\"primaryImageOfPage\":{\"@id\":\"https:\/\/observatori-igualtat.es\/programa-25n-dia-internacional-de-leliminacio-de-la-violencia-contra-les-dones\/#primaryimage\"},\"image\":{\"@id\":\"https:\/\/observatori-igualtat.es\/programa-25n-dia-internacional-de-leliminacio-de-la-violencia-contra-les-dones\/#primaryimage\"},\"thumbnailUrl\":\"https:\/\/observatori-igualtat.es\/wp-content\/uploads\/2025\/11\/25n-ibd-e1764928078176.jpg\",\"datePublished\":\"2025-11-20T09:47:57+00:00\",\"dateModified\":\"2025-11-20T11:06:42+00:00\",\"breadcrumb\":{\"@id\":\"https:\/\/observatori-igualtat.es\/programa-25n-dia-internacional-de-leliminacio-de-la-violencia-contra-les-dones\/#breadcrumb\"},\"inLanguage\":\"es\",\"potentialAction\":[{\"@type\":\"ReadAction\",\"target\":[\"https:\/\/observatori-igualtat.es\/programa-25n-dia-internacional-de-leliminacio-de-la-violencia-contra-les-dones\/\"]}]},{\"@type\":\"ImageObject\",\"inLanguage\":\"es\",\"@id\":\"https:\/\/observatori-igualtat.es\/programa-25n-dia-internacional-de-leliminacio-de-la-violencia-contra-les-dones\/#primaryimage\",\"url\":\"https:\/\/observatori-igualtat.es\/wp-content\/uploads\/2025\/11\/25n-ibd-e1764928078176.jpg\",\"contentUrl\":\"https:\/\/observatori-igualtat.es\/wp-content\/uploads\/2025\/11\/25n-ibd-e1764928078176.jpg\",\"width\":1280,\"height\":1600},{\"@type\":\"BreadcrumbList\",\"@id\":\"https:\/\/observatori-igualtat.es\/programa-25n-dia-internacional-de-leliminacio-de-la-violencia-contra-les-dones\/#breadcrumb\",\"itemListElement\":[{\"@type\":\"ListItem\",\"position\":1,\"name\":\"Portada\",\"item\":\"https:\/\/observatori-igualtat.es\/es\/\"},{\"@type\":\"ListItem\",\"position\":2,\"name\":\"PROGRAMA 25N. D\u00eda Internacional de la Eliminaci\u00f3n de la Violencia contra las Mujeres\"}]},{\"@type\":\"WebSite\",\"@id\":\"https:\/\/observatori-igualtat.es\/#website\",\"url\":\"https:\/\/observatori-igualtat.es\/\",\"name\":\"Observatori per a la igualtat\",\"description\":\"\",\"publisher\":{\"@id\":\"https:\/\/observatori-igualtat.es\/#organization\"},\"potentialAction\":[{\"@type\":\"SearchAction\",\"target\":{\"@type\":\"EntryPoint\",\"urlTemplate\":\"https:\/\/observatori-igualtat.es\/?s={search_term_string}\"},\"query-input\":{\"@type\":\"PropertyValueSpecification\",\"valueRequired\":true,\"valueName\":\"search_term_string\"}}],\"inLanguage\":\"es\"},{\"@type\":\"Organization\",\"@id\":\"https:\/\/observatori-igualtat.es\/#organization\",\"name\":\"Observatori per a la igualtat\",\"url\":\"https:\/\/observatori-igualtat.es\/\",\"logo\":{\"@type\":\"ImageObject\",\"inLanguage\":\"es\",\"@id\":\"https:\/\/observatori-igualtat.es\/#\/schema\/logo\/image\/\",\"url\":\"https:\/\/observatori-igualtat.es\/wp-content\/uploads\/2021\/11\/cropped-lupa-icon.png\",\"contentUrl\":\"https:\/\/observatori-igualtat.es\/wp-content\/uploads\/2021\/11\/cropped-lupa-icon.png\",\"width\":512,\"height\":512,\"caption\":\"Observatori per a la igualtat\"},\"image\":{\"@id\":\"https:\/\/observatori-igualtat.es\/#\/schema\/logo\/image\/\"},\"sameAs\":[\"https:\/\/www.facebook.com\/institutbaleardeladona\",\"https:\/\/x.com\/IB_Dona\",\"https:\/\/www.instagram.com\/ib_dona\",\"https:\/\/www.youtube.com\/channel\/UC8SGWsVp4ABV3Ljo3rb_EGw\"]},{\"@type\":\"Person\",\"@id\":\"https:\/\/observatori-igualtat.es\/#\/schema\/person\/dd01de9fe214c5f304f21c57563413a1\",\"name\":\"Agn\u00e9s Rado\",\"image\":{\"@type\":\"ImageObject\",\"inLanguage\":\"es\",\"@id\":\"https:\/\/observatori-igualtat.es\/#\/schema\/person\/image\/\",\"url\":\"https:\/\/secure.gravatar.com\/avatar\/d2819353ff8e25dce62d33bf06648a754887fb373e2cf8e6d0e4929818cb4093?s=96&d=mm&r=g\",\"contentUrl\":\"https:\/\/secure.gravatar.com\/avatar\/d2819353ff8e25dce62d33bf06648a754887fb373e2cf8e6d0e4929818cb4093?s=96&d=mm&r=g\",\"caption\":\"Agn\u00e9s Rado\"},\"url\":\"https:\/\/observatori-igualtat.es\/es\/author\/agnes\/\"}]}<\/script>\n<!-- \/ Yoast SEO plugin. -->","yoast_head_json":{"title":"PROGRAMA 25N. D\u00eda Internacional de la Eliminaci\u00f3n de la Violencia contra las Mujeres - Observatori per a la igualtat","robots":{"index":"index","follow":"follow","max-snippet":"max-snippet:-1","max-image-preview":"max-image-preview:large","max-video-preview":"max-video-preview:-1"},"canonical":"https:\/\/observatori-igualtat.es\/programa-25n-dia-internacional-de-leliminacio-de-la-violencia-contra-les-dones\/","og_locale":"es_ES","og_type":"article","og_title":"PROGRAMA 25N. D\u00eda Internacional de la Eliminaci\u00f3n de la Violencia contra las Mujeres - Observatori per a la igualtat","og_description":"PROGRAMA 25N D\u00eda Internacional de la Eliminaci\u00f3n de la Violencia contra las Mujeres \u00abAlza la voz ante la violencia contra las mujeres\u00bb.\u00a0IBDONA. \u00a0 Programa en versi\u00f3n [\u2026]","og_url":"https:\/\/observatori-igualtat.es\/programa-25n-dia-internacional-de-leliminacio-de-la-violencia-contra-les-dones\/","og_site_name":"Observatori per a la igualtat","article_publisher":"https:\/\/www.facebook.com\/institutbaleardeladona","article_published_time":"2025-11-20T09:47:57+00:00","article_modified_time":"2025-11-20T11:06:42+00:00","og_image":[{"width":1280,"height":1600,"url":"https:\/\/observatori-igualtat.es\/wp-content\/uploads\/2025\/11\/25n-ibd-e1764928078176.jpg","type":"image\/jpeg"}],"author":"Agn\u00e9s Rado","twitter_card":"summary_large_image","twitter_creator":"@IB_Dona","twitter_site":"@IB_Dona","twitter_misc":{"Escrito por":"Agn\u00e9s Rado"},"schema":{"@context":"https:\/\/schema.org","@graph":[{"@type":"Article","@id":"https:\/\/observatori-igualtat.es\/programa-25n-dia-internacional-de-leliminacio-de-la-violencia-contra-les-dones\/#article","isPartOf":{"@id":"https:\/\/observatori-igualtat.es\/programa-25n-dia-internacional-de-leliminacio-de-la-violencia-contra-les-dones\/"},"author":{"name":"Agn\u00e9s Rado","@id":"https:\/\/observatori-igualtat.es\/#\/schema\/person\/dd01de9fe214c5f304f21c57563413a1"},"headline":"PROGRAMA 25N. D\u00eda Internacional de la Eliminaci\u00f3n de la Violencia contra las Mujeres","datePublished":"2025-11-20T09:47:57+00:00","dateModified":"2025-11-20T11:06:42+00:00","mainEntityOfPage":{"@id":"https:\/\/observatori-igualtat.es\/programa-25n-dia-internacional-de-leliminacio-de-la-violencia-contra-les-dones\/"},"wordCount":66,"commentCount":0,"publisher":{"@id":"https:\/\/observatori-igualtat.es\/#organization"},"image":{"@id":"https:\/\/observatori-igualtat.es\/programa-25n-dia-internacional-de-leliminacio-de-la-violencia-contra-les-dones\/#primaryimage"},"thumbnailUrl":"https:\/\/observatori-igualtat.es\/wp-content\/uploads\/2025\/11\/25n-ibd-e1764928078176.jpg","articleSection":["Sin categorizar"],"inLanguage":"es","potentialAction":[{"@type":"CommentAction","name":"Comment","target":["https:\/\/observatori-igualtat.es\/programa-25n-dia-internacional-de-leliminacio-de-la-violencia-contra-les-dones\/#respond"]}]},{"@type":"WebPage","@id":"https:\/\/observatori-igualtat.es\/programa-25n-dia-internacional-de-leliminacio-de-la-violencia-contra-les-dones\/","url":"https:\/\/observatori-igualtat.es\/programa-25n-dia-internacional-de-leliminacio-de-la-violencia-contra-les-dones\/","name":"PROGRAMA 25N. D\u00eda Internacional de la Eliminaci\u00f3n de la Violencia contra las Mujeres - Observatori per a la igualtat","isPartOf":{"@id":"https:\/\/observatori-igualtat.es\/#website"},"primaryImageOfPage":{"@id":"https:\/\/observatori-igualtat.es\/programa-25n-dia-internacional-de-leliminacio-de-la-violencia-contra-les-dones\/#primaryimage"},"image":{"@id":"https:\/\/observatori-igualtat.es\/programa-25n-dia-internacional-de-leliminacio-de-la-violencia-contra-les-dones\/#primaryimage"},"thumbnailUrl":"https:\/\/observatori-igualtat.es\/wp-content\/uploads\/2025\/11\/25n-ibd-e1764928078176.jpg","datePublished":"2025-11-20T09:47:57+00:00","dateModified":"2025-11-20T11:06:42+00:00","breadcrumb":{"@id":"https:\/\/observatori-igualtat.es\/programa-25n-dia-internacional-de-leliminacio-de-la-violencia-contra-les-dones\/#breadcrumb"},"inLanguage":"es","potentialAction":[{"@type":"ReadAction","target":["https:\/\/observatori-igualtat.es\/programa-25n-dia-internacional-de-leliminacio-de-la-violencia-contra-les-dones\/"]}]},{"@type":"ImageObject","inLanguage":"es","@id":"https:\/\/observatori-igualtat.es\/programa-25n-dia-internacional-de-leliminacio-de-la-violencia-contra-les-dones\/#primaryimage","url":"https:\/\/observatori-igualtat.es\/wp-content\/uploads\/2025\/11\/25n-ibd-e1764928078176.jpg","contentUrl":"https:\/\/observatori-igualtat.es\/wp-content\/uploads\/2025\/11\/25n-ibd-e1764928078176.jpg","width":1280,"height":1600},{"@type":"BreadcrumbList","@id":"https:\/\/observatori-igualtat.es\/programa-25n-dia-internacional-de-leliminacio-de-la-violencia-contra-les-dones\/#breadcrumb","itemListElement":[{"@type":"ListItem","position":1,"name":"Portada","item":"https:\/\/observatori-igualtat.es\/es\/"},{"@type":"ListItem","position":2,"name":"PROGRAMA 25N. D\u00eda Internacional de la Eliminaci\u00f3n de la Violencia contra las Mujeres"}]},{"@type":"WebSite","@id":"https:\/\/observatori-igualtat.es\/#website","url":"https:\/\/observatori-igualtat.es\/","name":"Observatori per a la igualtat","description":"","publisher":{"@id":"https:\/\/observatori-igualtat.es\/#organization"},"potentialAction":[{"@type":"SearchAction","target":{"@type":"EntryPoint","urlTemplate":"https:\/\/observatori-igualtat.es\/?s={search_term_string}"},"query-input":{"@type":"PropertyValueSpecification","valueRequired":true,"valueName":"search_term_string"}}],"inLanguage":"es"},{"@type":"Organization","@id":"https:\/\/observatori-igualtat.es\/#organization","name":"Observatori per a la igualtat","url":"https:\/\/observatori-igualtat.es\/","logo":{"@type":"ImageObject","inLanguage":"es","@id":"https:\/\/observatori-igualtat.es\/#\/schema\/logo\/image\/","url":"https:\/\/observatori-igualtat.es\/wp-content\/uploads\/2021\/11\/cropped-lupa-icon.png","contentUrl":"https:\/\/observatori-igualtat.es\/wp-content\/uploads\/2021\/11\/cropped-lupa-icon.png","width":512,"height":512,"caption":"Observatori per a la igualtat"},"image":{"@id":"https:\/\/observatori-igualtat.es\/#\/schema\/logo\/image\/"},"sameAs":["https:\/\/www.facebook.com\/institutbaleardeladona","https:\/\/x.com\/IB_Dona","https:\/\/www.instagram.com\/ib_dona","https:\/\/www.youtube.com\/channel\/UC8SGWsVp4ABV3Ljo3rb_EGw"]},{"@type":"Person","@id":"https:\/\/observatori-igualtat.es\/#\/schema\/person\/dd01de9fe214c5f304f21c57563413a1","name":"Agn\u00e9s Rado","image":{"@type":"ImageObject","inLanguage":"es","@id":"https:\/\/observatori-igualtat.es\/#\/schema\/person\/image\/","url":"https:\/\/secure.gravatar.com\/avatar\/d2819353ff8e25dce62d33bf06648a754887fb373e2cf8e6d0e4929818cb4093?s=96&d=mm&r=g","contentUrl":"https:\/\/secure.gravatar.com\/avatar\/d2819353ff8e25dce62d33bf06648a754887fb373e2cf8e6d0e4929818cb4093?s=96&d=mm&r=g","caption":"Agn\u00e9s Rado"},"url":"https:\/\/observatori-igualtat.es\/es\/author\/agnes\/"}]}},"_links":{"self":[{"href":"https:\/\/observatori-igualtat.es\/es\/wp-json\/wp\/v2\/posts\/14711","targetHints":{"allow":["GET"]}}],"collection":[{"href":"https:\/\/observatori-igualtat.es\/es\/wp-json\/wp\/v2\/posts"}],"about":[{"href":"https:\/\/observatori-igualtat.es\/es\/wp-json\/wp\/v2\/types\/post"}],"author":[{"embeddable":true,"href":"https:\/\/observatori-igualtat.es\/es\/wp-json\/wp\/v2\/users\/2"}],"replies":[{"embeddable":true,"href":"https:\/\/observatori-igualtat.es\/es\/wp-json\/wp\/v2\/comments?post=14711"}],"version-history":[{"count":4,"href":"https:\/\/observatori-igualtat.es\/es\/wp-json\/wp\/v2\/posts\/14711\/revisions"}],"predecessor-version":[{"id":14730,"href":"https:\/\/observatori-igualtat.es\/es\/wp-json\/wp\/v2\/posts\/14711\/revisions\/14730"}],"wp:featuredmedia":[{"embeddable":true,"href":"https:\/\/observatori-igualtat.es\/es\/wp-json\/wp\/v2\/media\/14724"}],"wp:attachment":[{"href":"https:\/\/observatori-igualtat.es\/es\/wp-json\/wp\/v2\/media?parent=14711"}],"wp:term":[{"taxonomy":"category","embeddable":true,"href":"https:\/\/observatori-igualtat.es\/es\/wp-json\/wp\/v2\/categories?post=14711"},{"taxonomy":"post_tag","embeddable":true,"href":"https:\/\/observatori-igualtat.es\/es\/wp-json\/wp\/v2\/tags?post=14711"}],"curies":[{"name":"wp","href":"https:\/\/api.w.org\/{rel}","templated":true}]}}