{"id":7505,"date":"2022-09-06T14:02:08","date_gmt":"2022-09-06T13:02:08","guid":{"rendered":"https:\/\/observatori-igualtat.es\/programa-de-la-iii-edicion-de-las-aulas-feministas-de-ibiza-y-formentera\/"},"modified":"2022-10-17T10:47:02","modified_gmt":"2022-10-17T09:47:02","slug":"programa-de-la-iii-edicion-de-las-aulas-feministas-de-ibiza-y-formentera","status":"publish","type":"post","link":"https:\/\/observatori-igualtat.es\/es\/programa-de-la-iii-edicion-de-las-aulas-feministas-de-ibiza-y-formentera\/","title":{"rendered":"PROGRAMA DE LA III EDICI\u00d3N DE LAS AULAS FEMINISTAS DE IBIZA Y FORMENTERA"},"content":{"rendered":"\t\t<div data-elementor-type=\"wp-post\" data-elementor-id=\"7505\" class=\"elementor elementor-7505 elementor-7499\" data-elementor-post-type=\"post\">\r\n\t\t\t\t\t\t<section class=\"elementor-section elementor-top-section elementor-element elementor-element-74b0643b elementor-section-boxed elementor-section-height-default elementor-section-height-default\" data-id=\"74b0643b\" data-element_type=\"section\">\r\n\t\t\t\t\t\t<div class=\"elementor-container elementor-column-gap-default\">\r\n\t\t\t\t\t<div class=\"elementor-column elementor-col-100 elementor-top-column elementor-element elementor-element-71656062\" data-id=\"71656062\" data-element_type=\"column\">\r\n\t\t\t<div class=\"elementor-widget-wrap elementor-element-populated\">\r\n\t\t\t\t\t\t<div class=\"elementor-element elementor-element-27575ac elementor-widget elementor-widget-text-editor\" data-id=\"27575ac\" data-element_type=\"widget\" data-widget_type=\"text-editor.default\">\r\n\t\t\t\t<div class=\"elementor-widget-container\">\r\n\t\t\t\t\t\t\t\n<p><img fetchpriority=\"high\" decoding=\"async\" class=\"alignnone wp-image-7523 size-full\" src=\"https:\/\/observatori-igualtat.es\/wp-content\/uploads\/2022\/09\/aules_feministes_ibdona.jpg\" alt=\"\" width=\"1920\" height=\"1344\" srcset=\"https:\/\/observatori-igualtat.es\/wp-content\/uploads\/2022\/09\/aules_feministes_ibdona.jpg 1920w, https:\/\/observatori-igualtat.es\/wp-content\/uploads\/2022\/09\/aules_feministes_ibdona-300x210.jpg 300w, https:\/\/observatori-igualtat.es\/wp-content\/uploads\/2022\/09\/aules_feministes_ibdona-1024x717.jpg 1024w, https:\/\/observatori-igualtat.es\/wp-content\/uploads\/2022\/09\/aules_feministes_ibdona-768x538.jpg 768w, https:\/\/observatori-igualtat.es\/wp-content\/uploads\/2022\/09\/aules_feministes_ibdona-1536x1075.jpg 1536w, https:\/\/observatori-igualtat.es\/wp-content\/uploads\/2022\/09\/aules_feministes_ibdona-209x146.jpg 209w, https:\/\/observatori-igualtat.es\/wp-content\/uploads\/2022\/09\/aules_feministes_ibdona-50x35.jpg 50w, https:\/\/observatori-igualtat.es\/wp-content\/uploads\/2022\/09\/aules_feministes_ibdona-107x75.jpg 107w\" sizes=\"(max-width:767px) 480px, (max-width:1920px) 100vw, 1920px\" \/><\/p>\n<p>\u00a0<\/p>\n<p>Participa en la tercera edici\u00f3n que se celebrar\u00e1 los d\u00edas 8\ufe0f\u20e3,9\ufe0f\u20e3y\ud83d\udd1f de septiembre.<\/p>\n\n<p>Reserva tu plaza presencial para asistir a las #aulesfeministes de Ibiza y Formentera!<\/p>\n\n<p><a href=\"https:\/\/t.co\/IUo3LdsnXo?ref_src=twsrc%5Etfw%7Ctwcamp%5Eembeddedtimeline%7Ctwterm%5Escreen-name%3AIB_Dona%7Ctwcon%5Es1_c14\">\ud83d\udd17 Inscripci\u00f3n: https:\/\/ibdona.ecliente.com\/srv\/frontEvent<\/a><\/p>\n\n<p><a href=\"https:\/\/www.caib.es\/govern\/rest\/arxiu\/5352481\">Descarga el programa completo<\/a><\/p>\n\t\t\t\t\t\t<\/div>\r\n\t\t\t\t<\/div>\r\n\t\t\t\t\t<\/div>\r\n\t\t<\/div>\r\n\t\t\t\t\t<\/div>\r\n\t\t<\/section>\r\n\t\t\t\t<\/div>\r\n\t\t","protected":false},"excerpt":{"rendered":"<p>\u00a0 Participa en la tercera edici\u00f3n que se celebrar\u00e1 los d\u00edas 8\ufe0f\u20e3,9\ufe0f\u20e3y\ud83d\udd1f de septiembre. Reserva tu plaza presencial para asistir a las #aulesfeministes de Ibiza y<span class=\"excerpt-hellip\"> [\u2026]<\/span><\/p>\n","protected":false},"author":2,"featured_media":6137,"comment_status":"open","ping_status":"open","sticky":false,"template":"","format":"standard","meta":{"inline_featured_image":false,"footnotes":""},"categories":[12],"tags":[],"class_list":["post-7505","post","type-post","status-publish","format-standard","has-post-thumbnail","hentry","category-sin-categorizar"],"yoast_head":"<!-- This site is optimized with the Yoast SEO plugin v26.9 - https:\/\/yoast.com\/product\/yoast-seo-wordpress\/ -->\n<title>PROGRAMA DE LA III EDICI\u00d3N DE LAS AULAS FEMINISTAS DE IBIZA Y FORMENTERA - Observatori per a la igualtat<\/title>\n<meta name=\"robots\" content=\"index, follow, max-snippet:-1, max-image-preview:large, max-video-preview:-1\" \/>\n<link rel=\"canonical\" href=\"https:\/\/observatori-igualtat.es\/programa-iii-edicio-aules-feministes-deivissa-i-formentera-2022\/\" \/>\n<meta property=\"og:locale\" content=\"es_ES\" \/>\n<meta property=\"og:type\" content=\"article\" \/>\n<meta property=\"og:title\" content=\"PROGRAMA DE LA III EDICI\u00d3N DE LAS AULAS FEMINISTAS DE IBIZA Y FORMENTERA - Observatori per a la igualtat\" \/>\n<meta property=\"og:description\" content=\"\u00a0 Participa en la tercera edici\u00f3n que se celebrar\u00e1 los d\u00edas 8\ufe0f\u20e3,9\ufe0f\u20e3y\ud83d\udd1f de septiembre. Reserva tu plaza presencial para asistir a las #aulesfeministes de Ibiza y [\u2026]\" \/>\n<meta property=\"og:url\" content=\"https:\/\/observatori-igualtat.es\/programa-iii-edicio-aules-feministes-deivissa-i-formentera-2022\/\" \/>\n<meta property=\"og:site_name\" content=\"Observatori per a la igualtat\" \/>\n<meta property=\"article:publisher\" content=\"https:\/\/www.facebook.com\/institutbaleardeladona\" \/>\n<meta property=\"article:published_time\" content=\"2022-09-06T13:02:08+00:00\" \/>\n<meta property=\"article:modified_time\" content=\"2022-10-17T09:47:02+00:00\" \/>\n<meta property=\"og:image\" content=\"https:\/\/observatori-igualtat.es\/wp-content\/uploads\/2022\/06\/aules-fem-2022.jpg\" \/>\n\t<meta property=\"og:image:width\" content=\"481\" \/>\n\t<meta property=\"og:image:height\" content=\"680\" \/>\n\t<meta property=\"og:image:type\" content=\"image\/jpeg\" \/>\n<meta name=\"author\" content=\"Agn\u00e9s Rado\" \/>\n<meta name=\"twitter:card\" content=\"summary_large_image\" \/>\n<meta name=\"twitter:creator\" content=\"@IB_Dona\" \/>\n<meta name=\"twitter:site\" content=\"@IB_Dona\" \/>\n<meta name=\"twitter:label1\" content=\"Escrito por\" \/>\n\t<meta name=\"twitter:data1\" content=\"Agn\u00e9s Rado\" \/>\n<script type=\"application\/ld+json\" class=\"yoast-schema-graph\">{\"@context\":\"https:\/\/schema.org\",\"@graph\":[{\"@type\":\"Article\",\"@id\":\"https:\/\/observatori-igualtat.es\/programa-iii-edicio-aules-feministes-deivissa-i-formentera-2022\/#article\",\"isPartOf\":{\"@id\":\"https:\/\/observatori-igualtat.es\/programa-iii-edicio-aules-feministes-deivissa-i-formentera-2022\/\"},\"author\":{\"name\":\"Agn\u00e9s Rado\",\"@id\":\"https:\/\/observatori-igualtat.es\/#\/schema\/person\/dd01de9fe214c5f304f21c57563413a1\"},\"headline\":\"PROGRAMA DE LA III EDICI\u00d3N DE LAS AULAS FEMINISTAS DE IBIZA Y FORMENTERA\",\"datePublished\":\"2022-09-06T13:02:08+00:00\",\"dateModified\":\"2022-10-17T09:47:02+00:00\",\"mainEntityOfPage\":{\"@id\":\"https:\/\/observatori-igualtat.es\/programa-iii-edicio-aules-feministes-deivissa-i-formentera-2022\/\"},\"wordCount\":54,\"commentCount\":0,\"publisher\":{\"@id\":\"https:\/\/observatori-igualtat.es\/#organization\"},\"image\":{\"@id\":\"https:\/\/observatori-igualtat.es\/programa-iii-edicio-aules-feministes-deivissa-i-formentera-2022\/#primaryimage\"},\"thumbnailUrl\":\"https:\/\/observatori-igualtat.es\/wp-content\/uploads\/2022\/06\/aules-fem-2022.jpg\",\"articleSection\":[\"Sin categorizar\"],\"inLanguage\":\"es\",\"potentialAction\":[{\"@type\":\"CommentAction\",\"name\":\"Comment\",\"target\":[\"https:\/\/observatori-igualtat.es\/programa-iii-edicio-aules-feministes-deivissa-i-formentera-2022\/#respond\"]}]},{\"@type\":\"WebPage\",\"@id\":\"https:\/\/observatori-igualtat.es\/programa-iii-edicio-aules-feministes-deivissa-i-formentera-2022\/\",\"url\":\"https:\/\/observatori-igualtat.es\/programa-iii-edicio-aules-feministes-deivissa-i-formentera-2022\/\",\"name\":\"PROGRAMA DE LA III EDICI\u00d3N DE LAS AULAS FEMINISTAS DE IBIZA Y FORMENTERA - Observatori per a la igualtat\",\"isPartOf\":{\"@id\":\"https:\/\/observatori-igualtat.es\/#website\"},\"primaryImageOfPage\":{\"@id\":\"https:\/\/observatori-igualtat.es\/programa-iii-edicio-aules-feministes-deivissa-i-formentera-2022\/#primaryimage\"},\"image\":{\"@id\":\"https:\/\/observatori-igualtat.es\/programa-iii-edicio-aules-feministes-deivissa-i-formentera-2022\/#primaryimage\"},\"thumbnailUrl\":\"https:\/\/observatori-igualtat.es\/wp-content\/uploads\/2022\/06\/aules-fem-2022.jpg\",\"datePublished\":\"2022-09-06T13:02:08+00:00\",\"dateModified\":\"2022-10-17T09:47:02+00:00\",\"breadcrumb\":{\"@id\":\"https:\/\/observatori-igualtat.es\/programa-iii-edicio-aules-feministes-deivissa-i-formentera-2022\/#breadcrumb\"},\"inLanguage\":\"es\",\"potentialAction\":[{\"@type\":\"ReadAction\",\"target\":[\"https:\/\/observatori-igualtat.es\/programa-iii-edicio-aules-feministes-deivissa-i-formentera-2022\/\"]}]},{\"@type\":\"ImageObject\",\"inLanguage\":\"es\",\"@id\":\"https:\/\/observatori-igualtat.es\/programa-iii-edicio-aules-feministes-deivissa-i-formentera-2022\/#primaryimage\",\"url\":\"https:\/\/observatori-igualtat.es\/wp-content\/uploads\/2022\/06\/aules-fem-2022.jpg\",\"contentUrl\":\"https:\/\/observatori-igualtat.es\/wp-content\/uploads\/2022\/06\/aules-fem-2022.jpg\",\"width\":481,\"height\":680},{\"@type\":\"BreadcrumbList\",\"@id\":\"https:\/\/observatori-igualtat.es\/programa-iii-edicio-aules-feministes-deivissa-i-formentera-2022\/#breadcrumb\",\"itemListElement\":[{\"@type\":\"ListItem\",\"position\":1,\"name\":\"Portada\",\"item\":\"https:\/\/observatori-igualtat.es\/es\/\"},{\"@type\":\"ListItem\",\"position\":2,\"name\":\"PROGRAMA DE LA III EDICI\u00d3N DE LAS AULAS FEMINISTAS DE IBIZA Y FORMENTERA\"}]},{\"@type\":\"WebSite\",\"@id\":\"https:\/\/observatori-igualtat.es\/#website\",\"url\":\"https:\/\/observatori-igualtat.es\/\",\"name\":\"Observatori per a la igualtat\",\"description\":\"\",\"publisher\":{\"@id\":\"https:\/\/observatori-igualtat.es\/#organization\"},\"potentialAction\":[{\"@type\":\"SearchAction\",\"target\":{\"@type\":\"EntryPoint\",\"urlTemplate\":\"https:\/\/observatori-igualtat.es\/?s={search_term_string}\"},\"query-input\":{\"@type\":\"PropertyValueSpecification\",\"valueRequired\":true,\"valueName\":\"search_term_string\"}}],\"inLanguage\":\"es\"},{\"@type\":\"Organization\",\"@id\":\"https:\/\/observatori-igualtat.es\/#organization\",\"name\":\"Observatori per a la igualtat\",\"url\":\"https:\/\/observatori-igualtat.es\/\",\"logo\":{\"@type\":\"ImageObject\",\"inLanguage\":\"es\",\"@id\":\"https:\/\/observatori-igualtat.es\/#\/schema\/logo\/image\/\",\"url\":\"https:\/\/observatori-igualtat.es\/wp-content\/uploads\/2021\/11\/cropped-lupa-icon.png\",\"contentUrl\":\"https:\/\/observatori-igualtat.es\/wp-content\/uploads\/2021\/11\/cropped-lupa-icon.png\",\"width\":512,\"height\":512,\"caption\":\"Observatori per a la igualtat\"},\"image\":{\"@id\":\"https:\/\/observatori-igualtat.es\/#\/schema\/logo\/image\/\"},\"sameAs\":[\"https:\/\/www.facebook.com\/institutbaleardeladona\",\"https:\/\/x.com\/IB_Dona\",\"https:\/\/www.instagram.com\/ib_dona\",\"https:\/\/www.youtube.com\/channel\/UC8SGWsVp4ABV3Ljo3rb_EGw\"]},{\"@type\":\"Person\",\"@id\":\"https:\/\/observatori-igualtat.es\/#\/schema\/person\/dd01de9fe214c5f304f21c57563413a1\",\"name\":\"Agn\u00e9s Rado\",\"image\":{\"@type\":\"ImageObject\",\"inLanguage\":\"es\",\"@id\":\"https:\/\/observatori-igualtat.es\/#\/schema\/person\/image\/\",\"url\":\"https:\/\/secure.gravatar.com\/avatar\/d2819353ff8e25dce62d33bf06648a754887fb373e2cf8e6d0e4929818cb4093?s=96&d=mm&r=g\",\"contentUrl\":\"https:\/\/secure.gravatar.com\/avatar\/d2819353ff8e25dce62d33bf06648a754887fb373e2cf8e6d0e4929818cb4093?s=96&d=mm&r=g\",\"caption\":\"Agn\u00e9s Rado\"},\"url\":\"https:\/\/observatori-igualtat.es\/es\/author\/agnes\/\"}]}<\/script>\n<!-- \/ Yoast SEO plugin. -->","yoast_head_json":{"title":"PROGRAMA DE LA III EDICI\u00d3N DE LAS AULAS FEMINISTAS DE IBIZA Y FORMENTERA - Observatori per a la igualtat","robots":{"index":"index","follow":"follow","max-snippet":"max-snippet:-1","max-image-preview":"max-image-preview:large","max-video-preview":"max-video-preview:-1"},"canonical":"https:\/\/observatori-igualtat.es\/programa-iii-edicio-aules-feministes-deivissa-i-formentera-2022\/","og_locale":"es_ES","og_type":"article","og_title":"PROGRAMA DE LA III EDICI\u00d3N DE LAS AULAS FEMINISTAS DE IBIZA Y FORMENTERA - Observatori per a la igualtat","og_description":"\u00a0 Participa en la tercera edici\u00f3n que se celebrar\u00e1 los d\u00edas 8\ufe0f\u20e3,9\ufe0f\u20e3y\ud83d\udd1f de septiembre. Reserva tu plaza presencial para asistir a las #aulesfeministes de Ibiza y [\u2026]","og_url":"https:\/\/observatori-igualtat.es\/programa-iii-edicio-aules-feministes-deivissa-i-formentera-2022\/","og_site_name":"Observatori per a la igualtat","article_publisher":"https:\/\/www.facebook.com\/institutbaleardeladona","article_published_time":"2022-09-06T13:02:08+00:00","article_modified_time":"2022-10-17T09:47:02+00:00","og_image":[{"width":481,"height":680,"url":"https:\/\/observatori-igualtat.es\/wp-content\/uploads\/2022\/06\/aules-fem-2022.jpg","type":"image\/jpeg"}],"author":"Agn\u00e9s Rado","twitter_card":"summary_large_image","twitter_creator":"@IB_Dona","twitter_site":"@IB_Dona","twitter_misc":{"Escrito por":"Agn\u00e9s Rado"},"schema":{"@context":"https:\/\/schema.org","@graph":[{"@type":"Article","@id":"https:\/\/observatori-igualtat.es\/programa-iii-edicio-aules-feministes-deivissa-i-formentera-2022\/#article","isPartOf":{"@id":"https:\/\/observatori-igualtat.es\/programa-iii-edicio-aules-feministes-deivissa-i-formentera-2022\/"},"author":{"name":"Agn\u00e9s Rado","@id":"https:\/\/observatori-igualtat.es\/#\/schema\/person\/dd01de9fe214c5f304f21c57563413a1"},"headline":"PROGRAMA DE LA III EDICI\u00d3N DE LAS AULAS FEMINISTAS DE IBIZA Y FORMENTERA","datePublished":"2022-09-06T13:02:08+00:00","dateModified":"2022-10-17T09:47:02+00:00","mainEntityOfPage":{"@id":"https:\/\/observatori-igualtat.es\/programa-iii-edicio-aules-feministes-deivissa-i-formentera-2022\/"},"wordCount":54,"commentCount":0,"publisher":{"@id":"https:\/\/observatori-igualtat.es\/#organization"},"image":{"@id":"https:\/\/observatori-igualtat.es\/programa-iii-edicio-aules-feministes-deivissa-i-formentera-2022\/#primaryimage"},"thumbnailUrl":"https:\/\/observatori-igualtat.es\/wp-content\/uploads\/2022\/06\/aules-fem-2022.jpg","articleSection":["Sin categorizar"],"inLanguage":"es","potentialAction":[{"@type":"CommentAction","name":"Comment","target":["https:\/\/observatori-igualtat.es\/programa-iii-edicio-aules-feministes-deivissa-i-formentera-2022\/#respond"]}]},{"@type":"WebPage","@id":"https:\/\/observatori-igualtat.es\/programa-iii-edicio-aules-feministes-deivissa-i-formentera-2022\/","url":"https:\/\/observatori-igualtat.es\/programa-iii-edicio-aules-feministes-deivissa-i-formentera-2022\/","name":"PROGRAMA DE LA III EDICI\u00d3N DE LAS AULAS FEMINISTAS DE IBIZA Y FORMENTERA - Observatori per a la igualtat","isPartOf":{"@id":"https:\/\/observatori-igualtat.es\/#website"},"primaryImageOfPage":{"@id":"https:\/\/observatori-igualtat.es\/programa-iii-edicio-aules-feministes-deivissa-i-formentera-2022\/#primaryimage"},"image":{"@id":"https:\/\/observatori-igualtat.es\/programa-iii-edicio-aules-feministes-deivissa-i-formentera-2022\/#primaryimage"},"thumbnailUrl":"https:\/\/observatori-igualtat.es\/wp-content\/uploads\/2022\/06\/aules-fem-2022.jpg","datePublished":"2022-09-06T13:02:08+00:00","dateModified":"2022-10-17T09:47:02+00:00","breadcrumb":{"@id":"https:\/\/observatori-igualtat.es\/programa-iii-edicio-aules-feministes-deivissa-i-formentera-2022\/#breadcrumb"},"inLanguage":"es","potentialAction":[{"@type":"ReadAction","target":["https:\/\/observatori-igualtat.es\/programa-iii-edicio-aules-feministes-deivissa-i-formentera-2022\/"]}]},{"@type":"ImageObject","inLanguage":"es","@id":"https:\/\/observatori-igualtat.es\/programa-iii-edicio-aules-feministes-deivissa-i-formentera-2022\/#primaryimage","url":"https:\/\/observatori-igualtat.es\/wp-content\/uploads\/2022\/06\/aules-fem-2022.jpg","contentUrl":"https:\/\/observatori-igualtat.es\/wp-content\/uploads\/2022\/06\/aules-fem-2022.jpg","width":481,"height":680},{"@type":"BreadcrumbList","@id":"https:\/\/observatori-igualtat.es\/programa-iii-edicio-aules-feministes-deivissa-i-formentera-2022\/#breadcrumb","itemListElement":[{"@type":"ListItem","position":1,"name":"Portada","item":"https:\/\/observatori-igualtat.es\/es\/"},{"@type":"ListItem","position":2,"name":"PROGRAMA DE LA III EDICI\u00d3N DE LAS AULAS FEMINISTAS DE IBIZA Y FORMENTERA"}]},{"@type":"WebSite","@id":"https:\/\/observatori-igualtat.es\/#website","url":"https:\/\/observatori-igualtat.es\/","name":"Observatori per a la igualtat","description":"","publisher":{"@id":"https:\/\/observatori-igualtat.es\/#organization"},"potentialAction":[{"@type":"SearchAction","target":{"@type":"EntryPoint","urlTemplate":"https:\/\/observatori-igualtat.es\/?s={search_term_string}"},"query-input":{"@type":"PropertyValueSpecification","valueRequired":true,"valueName":"search_term_string"}}],"inLanguage":"es"},{"@type":"Organization","@id":"https:\/\/observatori-igualtat.es\/#organization","name":"Observatori per a la igualtat","url":"https:\/\/observatori-igualtat.es\/","logo":{"@type":"ImageObject","inLanguage":"es","@id":"https:\/\/observatori-igualtat.es\/#\/schema\/logo\/image\/","url":"https:\/\/observatori-igualtat.es\/wp-content\/uploads\/2021\/11\/cropped-lupa-icon.png","contentUrl":"https:\/\/observatori-igualtat.es\/wp-content\/uploads\/2021\/11\/cropped-lupa-icon.png","width":512,"height":512,"caption":"Observatori per a la igualtat"},"image":{"@id":"https:\/\/observatori-igualtat.es\/#\/schema\/logo\/image\/"},"sameAs":["https:\/\/www.facebook.com\/institutbaleardeladona","https:\/\/x.com\/IB_Dona","https:\/\/www.instagram.com\/ib_dona","https:\/\/www.youtube.com\/channel\/UC8SGWsVp4ABV3Ljo3rb_EGw"]},{"@type":"Person","@id":"https:\/\/observatori-igualtat.es\/#\/schema\/person\/dd01de9fe214c5f304f21c57563413a1","name":"Agn\u00e9s Rado","image":{"@type":"ImageObject","inLanguage":"es","@id":"https:\/\/observatori-igualtat.es\/#\/schema\/person\/image\/","url":"https:\/\/secure.gravatar.com\/avatar\/d2819353ff8e25dce62d33bf06648a754887fb373e2cf8e6d0e4929818cb4093?s=96&d=mm&r=g","contentUrl":"https:\/\/secure.gravatar.com\/avatar\/d2819353ff8e25dce62d33bf06648a754887fb373e2cf8e6d0e4929818cb4093?s=96&d=mm&r=g","caption":"Agn\u00e9s Rado"},"url":"https:\/\/observatori-igualtat.es\/es\/author\/agnes\/"}]}},"_links":{"self":[{"href":"https:\/\/observatori-igualtat.es\/es\/wp-json\/wp\/v2\/posts\/7505","targetHints":{"allow":["GET"]}}],"collection":[{"href":"https:\/\/observatori-igualtat.es\/es\/wp-json\/wp\/v2\/posts"}],"about":[{"href":"https:\/\/observatori-igualtat.es\/es\/wp-json\/wp\/v2\/types\/post"}],"author":[{"embeddable":true,"href":"https:\/\/observatori-igualtat.es\/es\/wp-json\/wp\/v2\/users\/2"}],"replies":[{"embeddable":true,"href":"https:\/\/observatori-igualtat.es\/es\/wp-json\/wp\/v2\/comments?post=7505"}],"version-history":[{"count":5,"href":"https:\/\/observatori-igualtat.es\/es\/wp-json\/wp\/v2\/posts\/7505\/revisions"}],"predecessor-version":[{"id":7544,"href":"https:\/\/observatori-igualtat.es\/es\/wp-json\/wp\/v2\/posts\/7505\/revisions\/7544"}],"wp:featuredmedia":[{"embeddable":true,"href":"https:\/\/observatori-igualtat.es\/es\/wp-json\/wp\/v2\/media\/6137"}],"wp:attachment":[{"href":"https:\/\/observatori-igualtat.es\/es\/wp-json\/wp\/v2\/media?parent=7505"}],"wp:term":[{"taxonomy":"category","embeddable":true,"href":"https:\/\/observatori-igualtat.es\/es\/wp-json\/wp\/v2\/categories?post=7505"},{"taxonomy":"post_tag","embeddable":true,"href":"https:\/\/observatori-igualtat.es\/es\/wp-json\/wp\/v2\/tags?post=7505"}],"curies":[{"name":"wp","href":"https:\/\/api.w.org\/{rel}","templated":true}]}}