{"id":7507,"date":"2022-09-06T14:03:44","date_gmt":"2022-09-06T13:03:44","guid":{"rendered":"https:\/\/observatori-igualtat.es\/convocatoria-soib-mujer-para-la-contratacion-de-mujeres-victimas-de-violencia-machista\/"},"modified":"2022-10-17T10:47:16","modified_gmt":"2022-10-17T09:47:16","slug":"convocatoria-soib-mujer-para-la-contratacion-de-mujeres-victimas-de-violencia-machista","status":"publish","type":"post","link":"https:\/\/observatori-igualtat.es\/es\/convocatoria-soib-mujer-para-la-contratacion-de-mujeres-victimas-de-violencia-machista\/","title":{"rendered":"Convocatoria SOIB Mujer para la contrataci\u00f3n de mujeres v\u00edctimas de violencia machista"},"content":{"rendered":"\t\t<div data-elementor-type=\"wp-post\" data-elementor-id=\"7507\" class=\"elementor elementor-7507 elementor-7477\" data-elementor-post-type=\"post\">\r\n\t\t\t\t\t\t<section class=\"elementor-section elementor-top-section elementor-element elementor-element-7cd9e409 elementor-section-boxed elementor-section-height-default elementor-section-height-default\" data-id=\"7cd9e409\" data-element_type=\"section\">\r\n\t\t\t\t\t\t<div class=\"elementor-container elementor-column-gap-default\">\r\n\t\t\t\t\t<div class=\"elementor-column elementor-col-100 elementor-top-column elementor-element elementor-element-6d283198\" data-id=\"6d283198\" data-element_type=\"column\">\r\n\t\t\t<div class=\"elementor-widget-wrap elementor-element-populated\">\r\n\t\t\t\t\t\t<div class=\"elementor-element elementor-element-76f7d266 elementor-widget elementor-widget-text-editor\" data-id=\"76f7d266\" data-element_type=\"widget\" data-widget_type=\"text-editor.default\">\r\n\t\t\t\t<div class=\"elementor-widget-container\">\r\n\t\t\t\t\t\t\t\n<p><img fetchpriority=\"high\" decoding=\"async\" class=\"alignnone wp-image-7538 size-full\" src=\"https:\/\/observatori-igualtat.es\/wp-content\/uploads\/2022\/09\/Baner-SOIBdona-2022-2024.jpg\" alt=\"\" width=\"795\" height=\"500\" srcset=\"https:\/\/observatori-igualtat.es\/wp-content\/uploads\/2022\/09\/Baner-SOIBdona-2022-2024.jpg 795w, https:\/\/observatori-igualtat.es\/wp-content\/uploads\/2022\/09\/Baner-SOIBdona-2022-2024-300x189.jpg 300w, https:\/\/observatori-igualtat.es\/wp-content\/uploads\/2022\/09\/Baner-SOIBdona-2022-2024-768x483.jpg 768w, https:\/\/observatori-igualtat.es\/wp-content\/uploads\/2022\/09\/Baner-SOIBdona-2022-2024-232x146.jpg 232w, https:\/\/observatori-igualtat.es\/wp-content\/uploads\/2022\/09\/Baner-SOIBdona-2022-2024-50x31.jpg 50w, https:\/\/observatori-igualtat.es\/wp-content\/uploads\/2022\/09\/Baner-SOIBdona-2022-2024-119x75.jpg 119w\" sizes=\"(max-width:767px) 480px, (max-width:795px) 100vw, 795px\" \/><\/p>\n<p>\u00a0<\/p>\n<p>Publicada la nueva convocatoria SOIB Mujer 2022-2024 para facilitar la contrataci\u00f3n de mujeres v\u00edctimas de violencia machista.<\/p>\n\n<p>Plazo de presentaci\u00f3n solicitudes: del 12 de agosto del 2022 al 30 de septiembre del 2024.<\/p>\n\n<p>Informaci\u00f3n tramitaci\u00f3n: <a href=\"https:\/\/bit.ly\/3C56G9I\">https:\/\/bit.ly\/3C56G9I<\/a><\/p>\n\n<p>#SOIBdona\ud83d\udc9cUn nuevo trabajo, una nueva vida<\/p>\n\t\t\t\t\t\t<\/div>\r\n\t\t\t\t<\/div>\r\n\t\t\t\t\t<\/div>\r\n\t\t<\/div>\r\n\t\t\t\t\t<\/div>\r\n\t\t<\/section>\r\n\t\t\t\t<\/div>\r\n\t\t","protected":false},"excerpt":{"rendered":"<p>\u00a0 Publicada la nueva convocatoria SOIB Mujer 2022-2024 para facilitar la contrataci\u00f3n de mujeres v\u00edctimas de violencia machista. Plazo de presentaci\u00f3n solicitudes: del 12 de agosto<span class=\"excerpt-hellip\"> [\u2026]<\/span><\/p>\n","protected":false},"author":2,"featured_media":7479,"comment_status":"open","ping_status":"open","sticky":false,"template":"","format":"standard","meta":{"inline_featured_image":false,"footnotes":""},"categories":[12],"tags":[],"class_list":["post-7507","post","type-post","status-publish","format-standard","has-post-thumbnail","hentry","category-sin-categorizar"],"yoast_head":"<!-- This site is optimized with the Yoast SEO plugin v26.9 - https:\/\/yoast.com\/product\/yoast-seo-wordpress\/ -->\n<title>Convocatoria SOIB Mujer para la contrataci\u00f3n de mujeres v\u00edctimas de violencia machista - Observatori per a la igualtat<\/title>\n<meta name=\"robots\" content=\"index, follow, max-snippet:-1, max-image-preview:large, max-video-preview:-1\" \/>\n<link rel=\"canonical\" href=\"https:\/\/observatori-igualtat.es\/convocatoria-soib-dona-2022-2024-per-a-la-contractacio-de-dones-victimes-de-violencia-masclista\/\" \/>\n<meta property=\"og:locale\" content=\"es_ES\" \/>\n<meta property=\"og:type\" content=\"article\" \/>\n<meta property=\"og:title\" content=\"Convocatoria SOIB Mujer para la contrataci\u00f3n de mujeres v\u00edctimas de violencia machista - Observatori per a la igualtat\" \/>\n<meta property=\"og:description\" content=\"\u00a0 Publicada la nueva convocatoria SOIB Mujer 2022-2024 para facilitar la contrataci\u00f3n de mujeres v\u00edctimas de violencia machista. Plazo de presentaci\u00f3n solicitudes: del 12 de agosto [\u2026]\" \/>\n<meta property=\"og:url\" content=\"https:\/\/observatori-igualtat.es\/convocatoria-soib-dona-2022-2024-per-a-la-contractacio-de-dones-victimes-de-violencia-masclista\/\" \/>\n<meta property=\"og:site_name\" content=\"Observatori per a la igualtat\" \/>\n<meta property=\"article:publisher\" content=\"https:\/\/www.facebook.com\/institutbaleardeladona\" \/>\n<meta property=\"article:published_time\" content=\"2022-09-06T13:03:44+00:00\" \/>\n<meta property=\"article:modified_time\" content=\"2022-10-17T09:47:16+00:00\" \/>\n<meta property=\"og:image\" content=\"https:\/\/observatori-igualtat.es\/wp-content\/uploads\/2022\/08\/SOIB-DONA.jpg\" \/>\n\t<meta property=\"og:image:width\" content=\"680\" \/>\n\t<meta property=\"og:image:height\" content=\"428\" \/>\n\t<meta property=\"og:image:type\" content=\"image\/jpeg\" \/>\n<meta name=\"author\" content=\"Agn\u00e9s Rado\" \/>\n<meta name=\"twitter:card\" content=\"summary_large_image\" \/>\n<meta name=\"twitter:creator\" content=\"@IB_Dona\" \/>\n<meta name=\"twitter:site\" content=\"@IB_Dona\" \/>\n<meta name=\"twitter:label1\" content=\"Escrito por\" \/>\n\t<meta name=\"twitter:data1\" content=\"Agn\u00e9s Rado\" \/>\n<script type=\"application\/ld+json\" class=\"yoast-schema-graph\">{\"@context\":\"https:\/\/schema.org\",\"@graph\":[{\"@type\":\"Article\",\"@id\":\"https:\/\/observatori-igualtat.es\/convocatoria-soib-dona-2022-2024-per-a-la-contractacio-de-dones-victimes-de-violencia-masclista\/#article\",\"isPartOf\":{\"@id\":\"https:\/\/observatori-igualtat.es\/convocatoria-soib-dona-2022-2024-per-a-la-contractacio-de-dones-victimes-de-violencia-masclista\/\"},\"author\":{\"name\":\"Agn\u00e9s Rado\",\"@id\":\"https:\/\/observatori-igualtat.es\/#\/schema\/person\/dd01de9fe214c5f304f21c57563413a1\"},\"headline\":\"Convocatoria SOIB Mujer para la contrataci\u00f3n de mujeres v\u00edctimas de violencia machista\",\"datePublished\":\"2022-09-06T13:03:44+00:00\",\"dateModified\":\"2022-10-17T09:47:16+00:00\",\"mainEntityOfPage\":{\"@id\":\"https:\/\/observatori-igualtat.es\/convocatoria-soib-dona-2022-2024-per-a-la-contractacio-de-dones-victimes-de-violencia-masclista\/\"},\"wordCount\":63,\"commentCount\":0,\"publisher\":{\"@id\":\"https:\/\/observatori-igualtat.es\/#organization\"},\"image\":{\"@id\":\"https:\/\/observatori-igualtat.es\/convocatoria-soib-dona-2022-2024-per-a-la-contractacio-de-dones-victimes-de-violencia-masclista\/#primaryimage\"},\"thumbnailUrl\":\"https:\/\/observatori-igualtat.es\/wp-content\/uploads\/2022\/08\/SOIB-DONA.jpg\",\"articleSection\":[\"Sin categorizar\"],\"inLanguage\":\"es\",\"potentialAction\":[{\"@type\":\"CommentAction\",\"name\":\"Comment\",\"target\":[\"https:\/\/observatori-igualtat.es\/convocatoria-soib-dona-2022-2024-per-a-la-contractacio-de-dones-victimes-de-violencia-masclista\/#respond\"]}]},{\"@type\":\"WebPage\",\"@id\":\"https:\/\/observatori-igualtat.es\/convocatoria-soib-dona-2022-2024-per-a-la-contractacio-de-dones-victimes-de-violencia-masclista\/\",\"url\":\"https:\/\/observatori-igualtat.es\/convocatoria-soib-dona-2022-2024-per-a-la-contractacio-de-dones-victimes-de-violencia-masclista\/\",\"name\":\"Convocatoria SOIB Mujer para la contrataci\u00f3n de mujeres v\u00edctimas de violencia machista - Observatori per a la igualtat\",\"isPartOf\":{\"@id\":\"https:\/\/observatori-igualtat.es\/#website\"},\"primaryImageOfPage\":{\"@id\":\"https:\/\/observatori-igualtat.es\/convocatoria-soib-dona-2022-2024-per-a-la-contractacio-de-dones-victimes-de-violencia-masclista\/#primaryimage\"},\"image\":{\"@id\":\"https:\/\/observatori-igualtat.es\/convocatoria-soib-dona-2022-2024-per-a-la-contractacio-de-dones-victimes-de-violencia-masclista\/#primaryimage\"},\"thumbnailUrl\":\"https:\/\/observatori-igualtat.es\/wp-content\/uploads\/2022\/08\/SOIB-DONA.jpg\",\"datePublished\":\"2022-09-06T13:03:44+00:00\",\"dateModified\":\"2022-10-17T09:47:16+00:00\",\"breadcrumb\":{\"@id\":\"https:\/\/observatori-igualtat.es\/convocatoria-soib-dona-2022-2024-per-a-la-contractacio-de-dones-victimes-de-violencia-masclista\/#breadcrumb\"},\"inLanguage\":\"es\",\"potentialAction\":[{\"@type\":\"ReadAction\",\"target\":[\"https:\/\/observatori-igualtat.es\/convocatoria-soib-dona-2022-2024-per-a-la-contractacio-de-dones-victimes-de-violencia-masclista\/\"]}]},{\"@type\":\"ImageObject\",\"inLanguage\":\"es\",\"@id\":\"https:\/\/observatori-igualtat.es\/convocatoria-soib-dona-2022-2024-per-a-la-contractacio-de-dones-victimes-de-violencia-masclista\/#primaryimage\",\"url\":\"https:\/\/observatori-igualtat.es\/wp-content\/uploads\/2022\/08\/SOIB-DONA.jpg\",\"contentUrl\":\"https:\/\/observatori-igualtat.es\/wp-content\/uploads\/2022\/08\/SOIB-DONA.jpg\",\"width\":680,\"height\":428},{\"@type\":\"BreadcrumbList\",\"@id\":\"https:\/\/observatori-igualtat.es\/convocatoria-soib-dona-2022-2024-per-a-la-contractacio-de-dones-victimes-de-violencia-masclista\/#breadcrumb\",\"itemListElement\":[{\"@type\":\"ListItem\",\"position\":1,\"name\":\"Portada\",\"item\":\"https:\/\/observatori-igualtat.es\/es\/\"},{\"@type\":\"ListItem\",\"position\":2,\"name\":\"Convocatoria SOIB Mujer para la contrataci\u00f3n de mujeres v\u00edctimas de violencia machista\"}]},{\"@type\":\"WebSite\",\"@id\":\"https:\/\/observatori-igualtat.es\/#website\",\"url\":\"https:\/\/observatori-igualtat.es\/\",\"name\":\"Observatori per a la igualtat\",\"description\":\"\",\"publisher\":{\"@id\":\"https:\/\/observatori-igualtat.es\/#organization\"},\"potentialAction\":[{\"@type\":\"SearchAction\",\"target\":{\"@type\":\"EntryPoint\",\"urlTemplate\":\"https:\/\/observatori-igualtat.es\/?s={search_term_string}\"},\"query-input\":{\"@type\":\"PropertyValueSpecification\",\"valueRequired\":true,\"valueName\":\"search_term_string\"}}],\"inLanguage\":\"es\"},{\"@type\":\"Organization\",\"@id\":\"https:\/\/observatori-igualtat.es\/#organization\",\"name\":\"Observatori per a la igualtat\",\"url\":\"https:\/\/observatori-igualtat.es\/\",\"logo\":{\"@type\":\"ImageObject\",\"inLanguage\":\"es\",\"@id\":\"https:\/\/observatori-igualtat.es\/#\/schema\/logo\/image\/\",\"url\":\"https:\/\/observatori-igualtat.es\/wp-content\/uploads\/2021\/11\/cropped-lupa-icon.png\",\"contentUrl\":\"https:\/\/observatori-igualtat.es\/wp-content\/uploads\/2021\/11\/cropped-lupa-icon.png\",\"width\":512,\"height\":512,\"caption\":\"Observatori per a la igualtat\"},\"image\":{\"@id\":\"https:\/\/observatori-igualtat.es\/#\/schema\/logo\/image\/\"},\"sameAs\":[\"https:\/\/www.facebook.com\/institutbaleardeladona\",\"https:\/\/x.com\/IB_Dona\",\"https:\/\/www.instagram.com\/ib_dona\",\"https:\/\/www.youtube.com\/channel\/UC8SGWsVp4ABV3Ljo3rb_EGw\"]},{\"@type\":\"Person\",\"@id\":\"https:\/\/observatori-igualtat.es\/#\/schema\/person\/dd01de9fe214c5f304f21c57563413a1\",\"name\":\"Agn\u00e9s Rado\",\"image\":{\"@type\":\"ImageObject\",\"inLanguage\":\"es\",\"@id\":\"https:\/\/observatori-igualtat.es\/#\/schema\/person\/image\/\",\"url\":\"https:\/\/secure.gravatar.com\/avatar\/d2819353ff8e25dce62d33bf06648a754887fb373e2cf8e6d0e4929818cb4093?s=96&d=mm&r=g\",\"contentUrl\":\"https:\/\/secure.gravatar.com\/avatar\/d2819353ff8e25dce62d33bf06648a754887fb373e2cf8e6d0e4929818cb4093?s=96&d=mm&r=g\",\"caption\":\"Agn\u00e9s Rado\"},\"url\":\"https:\/\/observatori-igualtat.es\/es\/author\/agnes\/\"}]}<\/script>\n<!-- \/ Yoast SEO plugin. -->","yoast_head_json":{"title":"Convocatoria SOIB Mujer para la contrataci\u00f3n de mujeres v\u00edctimas de violencia machista - Observatori per a la igualtat","robots":{"index":"index","follow":"follow","max-snippet":"max-snippet:-1","max-image-preview":"max-image-preview:large","max-video-preview":"max-video-preview:-1"},"canonical":"https:\/\/observatori-igualtat.es\/convocatoria-soib-dona-2022-2024-per-a-la-contractacio-de-dones-victimes-de-violencia-masclista\/","og_locale":"es_ES","og_type":"article","og_title":"Convocatoria SOIB Mujer para la contrataci\u00f3n de mujeres v\u00edctimas de violencia machista - Observatori per a la igualtat","og_description":"\u00a0 Publicada la nueva convocatoria SOIB Mujer 2022-2024 para facilitar la contrataci\u00f3n de mujeres v\u00edctimas de violencia machista. Plazo de presentaci\u00f3n solicitudes: del 12 de agosto [\u2026]","og_url":"https:\/\/observatori-igualtat.es\/convocatoria-soib-dona-2022-2024-per-a-la-contractacio-de-dones-victimes-de-violencia-masclista\/","og_site_name":"Observatori per a la igualtat","article_publisher":"https:\/\/www.facebook.com\/institutbaleardeladona","article_published_time":"2022-09-06T13:03:44+00:00","article_modified_time":"2022-10-17T09:47:16+00:00","og_image":[{"width":680,"height":428,"url":"https:\/\/observatori-igualtat.es\/wp-content\/uploads\/2022\/08\/SOIB-DONA.jpg","type":"image\/jpeg"}],"author":"Agn\u00e9s Rado","twitter_card":"summary_large_image","twitter_creator":"@IB_Dona","twitter_site":"@IB_Dona","twitter_misc":{"Escrito por":"Agn\u00e9s Rado"},"schema":{"@context":"https:\/\/schema.org","@graph":[{"@type":"Article","@id":"https:\/\/observatori-igualtat.es\/convocatoria-soib-dona-2022-2024-per-a-la-contractacio-de-dones-victimes-de-violencia-masclista\/#article","isPartOf":{"@id":"https:\/\/observatori-igualtat.es\/convocatoria-soib-dona-2022-2024-per-a-la-contractacio-de-dones-victimes-de-violencia-masclista\/"},"author":{"name":"Agn\u00e9s Rado","@id":"https:\/\/observatori-igualtat.es\/#\/schema\/person\/dd01de9fe214c5f304f21c57563413a1"},"headline":"Convocatoria SOIB Mujer para la contrataci\u00f3n de mujeres v\u00edctimas de violencia machista","datePublished":"2022-09-06T13:03:44+00:00","dateModified":"2022-10-17T09:47:16+00:00","mainEntityOfPage":{"@id":"https:\/\/observatori-igualtat.es\/convocatoria-soib-dona-2022-2024-per-a-la-contractacio-de-dones-victimes-de-violencia-masclista\/"},"wordCount":63,"commentCount":0,"publisher":{"@id":"https:\/\/observatori-igualtat.es\/#organization"},"image":{"@id":"https:\/\/observatori-igualtat.es\/convocatoria-soib-dona-2022-2024-per-a-la-contractacio-de-dones-victimes-de-violencia-masclista\/#primaryimage"},"thumbnailUrl":"https:\/\/observatori-igualtat.es\/wp-content\/uploads\/2022\/08\/SOIB-DONA.jpg","articleSection":["Sin categorizar"],"inLanguage":"es","potentialAction":[{"@type":"CommentAction","name":"Comment","target":["https:\/\/observatori-igualtat.es\/convocatoria-soib-dona-2022-2024-per-a-la-contractacio-de-dones-victimes-de-violencia-masclista\/#respond"]}]},{"@type":"WebPage","@id":"https:\/\/observatori-igualtat.es\/convocatoria-soib-dona-2022-2024-per-a-la-contractacio-de-dones-victimes-de-violencia-masclista\/","url":"https:\/\/observatori-igualtat.es\/convocatoria-soib-dona-2022-2024-per-a-la-contractacio-de-dones-victimes-de-violencia-masclista\/","name":"Convocatoria SOIB Mujer para la contrataci\u00f3n de mujeres v\u00edctimas de violencia machista - Observatori per a la igualtat","isPartOf":{"@id":"https:\/\/observatori-igualtat.es\/#website"},"primaryImageOfPage":{"@id":"https:\/\/observatori-igualtat.es\/convocatoria-soib-dona-2022-2024-per-a-la-contractacio-de-dones-victimes-de-violencia-masclista\/#primaryimage"},"image":{"@id":"https:\/\/observatori-igualtat.es\/convocatoria-soib-dona-2022-2024-per-a-la-contractacio-de-dones-victimes-de-violencia-masclista\/#primaryimage"},"thumbnailUrl":"https:\/\/observatori-igualtat.es\/wp-content\/uploads\/2022\/08\/SOIB-DONA.jpg","datePublished":"2022-09-06T13:03:44+00:00","dateModified":"2022-10-17T09:47:16+00:00","breadcrumb":{"@id":"https:\/\/observatori-igualtat.es\/convocatoria-soib-dona-2022-2024-per-a-la-contractacio-de-dones-victimes-de-violencia-masclista\/#breadcrumb"},"inLanguage":"es","potentialAction":[{"@type":"ReadAction","target":["https:\/\/observatori-igualtat.es\/convocatoria-soib-dona-2022-2024-per-a-la-contractacio-de-dones-victimes-de-violencia-masclista\/"]}]},{"@type":"ImageObject","inLanguage":"es","@id":"https:\/\/observatori-igualtat.es\/convocatoria-soib-dona-2022-2024-per-a-la-contractacio-de-dones-victimes-de-violencia-masclista\/#primaryimage","url":"https:\/\/observatori-igualtat.es\/wp-content\/uploads\/2022\/08\/SOIB-DONA.jpg","contentUrl":"https:\/\/observatori-igualtat.es\/wp-content\/uploads\/2022\/08\/SOIB-DONA.jpg","width":680,"height":428},{"@type":"BreadcrumbList","@id":"https:\/\/observatori-igualtat.es\/convocatoria-soib-dona-2022-2024-per-a-la-contractacio-de-dones-victimes-de-violencia-masclista\/#breadcrumb","itemListElement":[{"@type":"ListItem","position":1,"name":"Portada","item":"https:\/\/observatori-igualtat.es\/es\/"},{"@type":"ListItem","position":2,"name":"Convocatoria SOIB Mujer para la contrataci\u00f3n de mujeres v\u00edctimas de violencia machista"}]},{"@type":"WebSite","@id":"https:\/\/observatori-igualtat.es\/#website","url":"https:\/\/observatori-igualtat.es\/","name":"Observatori per a la igualtat","description":"","publisher":{"@id":"https:\/\/observatori-igualtat.es\/#organization"},"potentialAction":[{"@type":"SearchAction","target":{"@type":"EntryPoint","urlTemplate":"https:\/\/observatori-igualtat.es\/?s={search_term_string}"},"query-input":{"@type":"PropertyValueSpecification","valueRequired":true,"valueName":"search_term_string"}}],"inLanguage":"es"},{"@type":"Organization","@id":"https:\/\/observatori-igualtat.es\/#organization","name":"Observatori per a la igualtat","url":"https:\/\/observatori-igualtat.es\/","logo":{"@type":"ImageObject","inLanguage":"es","@id":"https:\/\/observatori-igualtat.es\/#\/schema\/logo\/image\/","url":"https:\/\/observatori-igualtat.es\/wp-content\/uploads\/2021\/11\/cropped-lupa-icon.png","contentUrl":"https:\/\/observatori-igualtat.es\/wp-content\/uploads\/2021\/11\/cropped-lupa-icon.png","width":512,"height":512,"caption":"Observatori per a la igualtat"},"image":{"@id":"https:\/\/observatori-igualtat.es\/#\/schema\/logo\/image\/"},"sameAs":["https:\/\/www.facebook.com\/institutbaleardeladona","https:\/\/x.com\/IB_Dona","https:\/\/www.instagram.com\/ib_dona","https:\/\/www.youtube.com\/channel\/UC8SGWsVp4ABV3Ljo3rb_EGw"]},{"@type":"Person","@id":"https:\/\/observatori-igualtat.es\/#\/schema\/person\/dd01de9fe214c5f304f21c57563413a1","name":"Agn\u00e9s Rado","image":{"@type":"ImageObject","inLanguage":"es","@id":"https:\/\/observatori-igualtat.es\/#\/schema\/person\/image\/","url":"https:\/\/secure.gravatar.com\/avatar\/d2819353ff8e25dce62d33bf06648a754887fb373e2cf8e6d0e4929818cb4093?s=96&d=mm&r=g","contentUrl":"https:\/\/secure.gravatar.com\/avatar\/d2819353ff8e25dce62d33bf06648a754887fb373e2cf8e6d0e4929818cb4093?s=96&d=mm&r=g","caption":"Agn\u00e9s Rado"},"url":"https:\/\/observatori-igualtat.es\/es\/author\/agnes\/"}]}},"_links":{"self":[{"href":"https:\/\/observatori-igualtat.es\/es\/wp-json\/wp\/v2\/posts\/7507","targetHints":{"allow":["GET"]}}],"collection":[{"href":"https:\/\/observatori-igualtat.es\/es\/wp-json\/wp\/v2\/posts"}],"about":[{"href":"https:\/\/observatori-igualtat.es\/es\/wp-json\/wp\/v2\/types\/post"}],"author":[{"embeddable":true,"href":"https:\/\/observatori-igualtat.es\/es\/wp-json\/wp\/v2\/users\/2"}],"replies":[{"embeddable":true,"href":"https:\/\/observatori-igualtat.es\/es\/wp-json\/wp\/v2\/comments?post=7507"}],"version-history":[{"count":4,"href":"https:\/\/observatori-igualtat.es\/es\/wp-json\/wp\/v2\/posts\/7507\/revisions"}],"predecessor-version":[{"id":7547,"href":"https:\/\/observatori-igualtat.es\/es\/wp-json\/wp\/v2\/posts\/7507\/revisions\/7547"}],"wp:featuredmedia":[{"embeddable":true,"href":"https:\/\/observatori-igualtat.es\/es\/wp-json\/wp\/v2\/media\/7479"}],"wp:attachment":[{"href":"https:\/\/observatori-igualtat.es\/es\/wp-json\/wp\/v2\/media?parent=7507"}],"wp:term":[{"taxonomy":"category","embeddable":true,"href":"https:\/\/observatori-igualtat.es\/es\/wp-json\/wp\/v2\/categories?post=7507"},{"taxonomy":"post_tag","embeddable":true,"href":"https:\/\/observatori-igualtat.es\/es\/wp-json\/wp\/v2\/tags?post=7507"}],"curies":[{"name":"wp","href":"https:\/\/api.w.org\/{rel}","templated":true}]}}