{"id":7683,"date":"2022-09-29T09:47:48","date_gmt":"2022-09-29T08:47:48","guid":{"rendered":"https:\/\/observatori-igualtat.es\/?p=7683"},"modified":"2022-10-17T10:46:35","modified_gmt":"2022-10-17T09:46:35","slug":"nueva-edicion-del-curso-violencias-sexuales","status":"publish","type":"post","link":"https:\/\/observatori-igualtat.es\/es\/nueva-edicion-del-curso-violencias-sexuales\/","title":{"rendered":"Nueva edici\u00f3n del curso VIOLENCIAS SEXUALES."},"content":{"rendered":"\t\t<div data-elementor-type=\"wp-post\" data-elementor-id=\"7683\" class=\"elementor elementor-7683 elementor-7674\" data-elementor-post-type=\"post\">\r\n\t\t\t\t\t\t<section class=\"elementor-section elementor-top-section elementor-element elementor-element-41d338c4 elementor-section-boxed elementor-section-height-default elementor-section-height-default\" data-id=\"41d338c4\" data-element_type=\"section\">\r\n\t\t\t\t\t\t<div class=\"elementor-container elementor-column-gap-default\">\r\n\t\t\t\t\t<div class=\"elementor-column elementor-col-100 elementor-top-column elementor-element elementor-element-71b802e2\" data-id=\"71b802e2\" data-element_type=\"column\">\r\n\t\t\t<div class=\"elementor-widget-wrap elementor-element-populated\">\r\n\t\t\t\t\t\t<div class=\"elementor-element elementor-element-5c43a7b8 elementor-widget elementor-widget-text-editor\" data-id=\"5c43a7b8\" data-element_type=\"widget\" data-widget_type=\"text-editor.default\">\r\n\t\t\t\t<div class=\"elementor-widget-container\">\r\n\t\t\t\t\t\t\t\n<p><img fetchpriority=\"high\" decoding=\"async\" class=\"alignnone wp-image-7700 size-large\" src=\"https:\/\/observatori-igualtat.es\/wp-content\/uploads\/2022\/09\/curs-violencies-sexuals-1024x723.jpg\" alt=\"\" width=\"1024\" height=\"723\" srcset=\"https:\/\/observatori-igualtat.es\/wp-content\/uploads\/2022\/09\/curs-violencies-sexuals-1024x723.jpg 1024w, https:\/\/observatori-igualtat.es\/wp-content\/uploads\/2022\/09\/curs-violencies-sexuals-300x212.jpg 300w, https:\/\/observatori-igualtat.es\/wp-content\/uploads\/2022\/09\/curs-violencies-sexuals-768x542.jpg 768w, https:\/\/observatori-igualtat.es\/wp-content\/uploads\/2022\/09\/curs-violencies-sexuals-207x146.jpg 207w, https:\/\/observatori-igualtat.es\/wp-content\/uploads\/2022\/09\/curs-violencies-sexuals-50x35.jpg 50w, https:\/\/observatori-igualtat.es\/wp-content\/uploads\/2022\/09\/curs-violencies-sexuals-106x75.jpg 106w, https:\/\/observatori-igualtat.es\/wp-content\/uploads\/2022\/09\/curs-violencies-sexuals.jpg 1280w\" sizes=\"(max-width:767px) 480px, (max-width:1024px) 100vw, 1024px\" \/><\/p>\n<p>D\u00eda 30 de septiembre se abre la PREINSCRIPCI\u00d3N a la nueva edici\u00f3n del curso VIOLENCIAS SEXUALES.<\/p>\n\n<p><br \/>\u27a1\ufe0fSEMIPRESENCIAL 50h<br \/>\u27a1\ufe0fFECHAS: 10 de octubre al 23 de diciembre<br \/>\u27a1\ufe0fEDICIONES: Palma, Ma\u00f3 y Eivissa<\/p>\n\t\t\t\t\t\t<\/div>\r\n\t\t\t\t<\/div>\r\n\t\t\t\t\t<\/div>\r\n\t\t<\/div>\r\n\t\t\t\t\t<\/div>\r\n\t\t<\/section>\r\n\t\t\t\t<\/div>\r\n\t\t","protected":false},"excerpt":{"rendered":"<p>D\u00eda 30 de septiembre se abre la PREINSCRIPCI\u00d3N a la nueva edici\u00f3n del curso VIOLENCIAS SEXUALES. \u27a1\ufe0fSEMIPRESENCIAL 50h\u27a1\ufe0fFECHAS: 10 de octubre al 23 de diciembre\u27a1\ufe0fEDICIONES: Palma,<span class=\"excerpt-hellip\"> [\u2026]<\/span><\/p>\n","protected":false},"author":2,"featured_media":7701,"comment_status":"open","ping_status":"open","sticky":false,"template":"","format":"standard","meta":{"inline_featured_image":false,"footnotes":""},"categories":[12],"tags":[],"class_list":["post-7683","post","type-post","status-publish","format-standard","has-post-thumbnail","hentry","category-sin-categorizar"],"yoast_head":"<!-- This site is optimized with the Yoast SEO plugin v26.9 - https:\/\/yoast.com\/product\/yoast-seo-wordpress\/ -->\n<title>Nueva edici\u00f3n del curso VIOLENCIAS SEXUALES. - Observatori per a la igualtat<\/title>\n<meta name=\"robots\" content=\"index, follow, max-snippet:-1, max-image-preview:large, max-video-preview:-1\" \/>\n<link rel=\"canonical\" href=\"https:\/\/observatori-igualtat.es\/nova-edicio-del-curs-violencies-sexuals\/\" \/>\n<meta property=\"og:locale\" content=\"es_ES\" \/>\n<meta property=\"og:type\" content=\"article\" \/>\n<meta property=\"og:title\" content=\"Nueva edici\u00f3n del curso VIOLENCIAS SEXUALES. - Observatori per a la igualtat\" \/>\n<meta property=\"og:description\" content=\"D\u00eda 30 de septiembre se abre la PREINSCRIPCI\u00d3N a la nueva edici\u00f3n del curso VIOLENCIAS SEXUALES. \u27a1\ufe0fSEMIPRESENCIAL 50h\u27a1\ufe0fFECHAS: 10 de octubre al 23 de diciembre\u27a1\ufe0fEDICIONES: Palma, [\u2026]\" \/>\n<meta property=\"og:url\" content=\"https:\/\/observatori-igualtat.es\/nova-edicio-del-curs-violencies-sexuals\/\" \/>\n<meta property=\"og:site_name\" content=\"Observatori per a la igualtat\" \/>\n<meta property=\"article:publisher\" content=\"https:\/\/www.facebook.com\/institutbaleardeladona\" \/>\n<meta property=\"article:published_time\" content=\"2022-09-29T08:47:48+00:00\" \/>\n<meta property=\"article:modified_time\" content=\"2022-10-17T09:46:35+00:00\" \/>\n<meta property=\"og:image\" content=\"https:\/\/observatori-igualtat.es\/wp-content\/uploads\/2022\/09\/curs-violencies-sexuals.jpg\" \/>\n\t<meta property=\"og:image:width\" content=\"1280\" \/>\n\t<meta property=\"og:image:height\" content=\"904\" \/>\n\t<meta property=\"og:image:type\" content=\"image\/jpeg\" \/>\n<meta name=\"author\" content=\"Agn\u00e9s Rado\" \/>\n<meta name=\"twitter:card\" content=\"summary_large_image\" \/>\n<meta name=\"twitter:creator\" content=\"@IB_Dona\" \/>\n<meta name=\"twitter:site\" content=\"@IB_Dona\" \/>\n<meta name=\"twitter:label1\" content=\"Escrito por\" \/>\n\t<meta name=\"twitter:data1\" content=\"Agn\u00e9s Rado\" \/>\n<script type=\"application\/ld+json\" class=\"yoast-schema-graph\">{\"@context\":\"https:\/\/schema.org\",\"@graph\":[{\"@type\":\"Article\",\"@id\":\"https:\/\/observatori-igualtat.es\/nova-edicio-del-curs-violencies-sexuals\/#article\",\"isPartOf\":{\"@id\":\"https:\/\/observatori-igualtat.es\/nova-edicio-del-curs-violencies-sexuals\/\"},\"author\":{\"name\":\"Agn\u00e9s Rado\",\"@id\":\"https:\/\/observatori-igualtat.es\/#\/schema\/person\/dd01de9fe214c5f304f21c57563413a1\"},\"headline\":\"Nueva edici\u00f3n del curso VIOLENCIAS SEXUALES.\",\"datePublished\":\"2022-09-29T08:47:48+00:00\",\"dateModified\":\"2022-10-17T09:46:35+00:00\",\"mainEntityOfPage\":{\"@id\":\"https:\/\/observatori-igualtat.es\/nova-edicio-del-curs-violencies-sexuals\/\"},\"wordCount\":38,\"commentCount\":0,\"publisher\":{\"@id\":\"https:\/\/observatori-igualtat.es\/#organization\"},\"image\":{\"@id\":\"https:\/\/observatori-igualtat.es\/nova-edicio-del-curs-violencies-sexuals\/#primaryimage\"},\"thumbnailUrl\":\"https:\/\/observatori-igualtat.es\/wp-content\/uploads\/2022\/09\/curs-violencies-sexuals.jpg\",\"articleSection\":[\"Sin categorizar\"],\"inLanguage\":\"es\",\"potentialAction\":[{\"@type\":\"CommentAction\",\"name\":\"Comment\",\"target\":[\"https:\/\/observatori-igualtat.es\/nova-edicio-del-curs-violencies-sexuals\/#respond\"]}]},{\"@type\":\"WebPage\",\"@id\":\"https:\/\/observatori-igualtat.es\/nova-edicio-del-curs-violencies-sexuals\/\",\"url\":\"https:\/\/observatori-igualtat.es\/nova-edicio-del-curs-violencies-sexuals\/\",\"name\":\"Nueva edici\u00f3n del curso VIOLENCIAS SEXUALES. - Observatori per a la igualtat\",\"isPartOf\":{\"@id\":\"https:\/\/observatori-igualtat.es\/#website\"},\"primaryImageOfPage\":{\"@id\":\"https:\/\/observatori-igualtat.es\/nova-edicio-del-curs-violencies-sexuals\/#primaryimage\"},\"image\":{\"@id\":\"https:\/\/observatori-igualtat.es\/nova-edicio-del-curs-violencies-sexuals\/#primaryimage\"},\"thumbnailUrl\":\"https:\/\/observatori-igualtat.es\/wp-content\/uploads\/2022\/09\/curs-violencies-sexuals.jpg\",\"datePublished\":\"2022-09-29T08:47:48+00:00\",\"dateModified\":\"2022-10-17T09:46:35+00:00\",\"breadcrumb\":{\"@id\":\"https:\/\/observatori-igualtat.es\/nova-edicio-del-curs-violencies-sexuals\/#breadcrumb\"},\"inLanguage\":\"es\",\"potentialAction\":[{\"@type\":\"ReadAction\",\"target\":[\"https:\/\/observatori-igualtat.es\/nova-edicio-del-curs-violencies-sexuals\/\"]}]},{\"@type\":\"ImageObject\",\"inLanguage\":\"es\",\"@id\":\"https:\/\/observatori-igualtat.es\/nova-edicio-del-curs-violencies-sexuals\/#primaryimage\",\"url\":\"https:\/\/observatori-igualtat.es\/wp-content\/uploads\/2022\/09\/curs-violencies-sexuals.jpg\",\"contentUrl\":\"https:\/\/observatori-igualtat.es\/wp-content\/uploads\/2022\/09\/curs-violencies-sexuals.jpg\",\"width\":1280,\"height\":904},{\"@type\":\"BreadcrumbList\",\"@id\":\"https:\/\/observatori-igualtat.es\/nova-edicio-del-curs-violencies-sexuals\/#breadcrumb\",\"itemListElement\":[{\"@type\":\"ListItem\",\"position\":1,\"name\":\"Portada\",\"item\":\"https:\/\/observatori-igualtat.es\/es\/\"},{\"@type\":\"ListItem\",\"position\":2,\"name\":\"Nueva edici\u00f3n del curso VIOLENCIAS SEXUALES.\"}]},{\"@type\":\"WebSite\",\"@id\":\"https:\/\/observatori-igualtat.es\/#website\",\"url\":\"https:\/\/observatori-igualtat.es\/\",\"name\":\"Observatori per a la igualtat\",\"description\":\"\",\"publisher\":{\"@id\":\"https:\/\/observatori-igualtat.es\/#organization\"},\"potentialAction\":[{\"@type\":\"SearchAction\",\"target\":{\"@type\":\"EntryPoint\",\"urlTemplate\":\"https:\/\/observatori-igualtat.es\/?s={search_term_string}\"},\"query-input\":{\"@type\":\"PropertyValueSpecification\",\"valueRequired\":true,\"valueName\":\"search_term_string\"}}],\"inLanguage\":\"es\"},{\"@type\":\"Organization\",\"@id\":\"https:\/\/observatori-igualtat.es\/#organization\",\"name\":\"Observatori per a la igualtat\",\"url\":\"https:\/\/observatori-igualtat.es\/\",\"logo\":{\"@type\":\"ImageObject\",\"inLanguage\":\"es\",\"@id\":\"https:\/\/observatori-igualtat.es\/#\/schema\/logo\/image\/\",\"url\":\"https:\/\/observatori-igualtat.es\/wp-content\/uploads\/2021\/11\/cropped-lupa-icon.png\",\"contentUrl\":\"https:\/\/observatori-igualtat.es\/wp-content\/uploads\/2021\/11\/cropped-lupa-icon.png\",\"width\":512,\"height\":512,\"caption\":\"Observatori per a la igualtat\"},\"image\":{\"@id\":\"https:\/\/observatori-igualtat.es\/#\/schema\/logo\/image\/\"},\"sameAs\":[\"https:\/\/www.facebook.com\/institutbaleardeladona\",\"https:\/\/x.com\/IB_Dona\",\"https:\/\/www.instagram.com\/ib_dona\",\"https:\/\/www.youtube.com\/channel\/UC8SGWsVp4ABV3Ljo3rb_EGw\"]},{\"@type\":\"Person\",\"@id\":\"https:\/\/observatori-igualtat.es\/#\/schema\/person\/dd01de9fe214c5f304f21c57563413a1\",\"name\":\"Agn\u00e9s Rado\",\"image\":{\"@type\":\"ImageObject\",\"inLanguage\":\"es\",\"@id\":\"https:\/\/observatori-igualtat.es\/#\/schema\/person\/image\/\",\"url\":\"https:\/\/secure.gravatar.com\/avatar\/d2819353ff8e25dce62d33bf06648a754887fb373e2cf8e6d0e4929818cb4093?s=96&d=mm&r=g\",\"contentUrl\":\"https:\/\/secure.gravatar.com\/avatar\/d2819353ff8e25dce62d33bf06648a754887fb373e2cf8e6d0e4929818cb4093?s=96&d=mm&r=g\",\"caption\":\"Agn\u00e9s Rado\"},\"url\":\"https:\/\/observatori-igualtat.es\/es\/author\/agnes\/\"}]}<\/script>\n<!-- \/ Yoast SEO plugin. -->","yoast_head_json":{"title":"Nueva edici\u00f3n del curso VIOLENCIAS SEXUALES. - Observatori per a la igualtat","robots":{"index":"index","follow":"follow","max-snippet":"max-snippet:-1","max-image-preview":"max-image-preview:large","max-video-preview":"max-video-preview:-1"},"canonical":"https:\/\/observatori-igualtat.es\/nova-edicio-del-curs-violencies-sexuals\/","og_locale":"es_ES","og_type":"article","og_title":"Nueva edici\u00f3n del curso VIOLENCIAS SEXUALES. - Observatori per a la igualtat","og_description":"D\u00eda 30 de septiembre se abre la PREINSCRIPCI\u00d3N a la nueva edici\u00f3n del curso VIOLENCIAS SEXUALES. \u27a1\ufe0fSEMIPRESENCIAL 50h\u27a1\ufe0fFECHAS: 10 de octubre al 23 de diciembre\u27a1\ufe0fEDICIONES: Palma, [\u2026]","og_url":"https:\/\/observatori-igualtat.es\/nova-edicio-del-curs-violencies-sexuals\/","og_site_name":"Observatori per a la igualtat","article_publisher":"https:\/\/www.facebook.com\/institutbaleardeladona","article_published_time":"2022-09-29T08:47:48+00:00","article_modified_time":"2022-10-17T09:46:35+00:00","og_image":[{"width":1280,"height":904,"url":"https:\/\/observatori-igualtat.es\/wp-content\/uploads\/2022\/09\/curs-violencies-sexuals.jpg","type":"image\/jpeg"}],"author":"Agn\u00e9s Rado","twitter_card":"summary_large_image","twitter_creator":"@IB_Dona","twitter_site":"@IB_Dona","twitter_misc":{"Escrito por":"Agn\u00e9s Rado"},"schema":{"@context":"https:\/\/schema.org","@graph":[{"@type":"Article","@id":"https:\/\/observatori-igualtat.es\/nova-edicio-del-curs-violencies-sexuals\/#article","isPartOf":{"@id":"https:\/\/observatori-igualtat.es\/nova-edicio-del-curs-violencies-sexuals\/"},"author":{"name":"Agn\u00e9s Rado","@id":"https:\/\/observatori-igualtat.es\/#\/schema\/person\/dd01de9fe214c5f304f21c57563413a1"},"headline":"Nueva edici\u00f3n del curso VIOLENCIAS SEXUALES.","datePublished":"2022-09-29T08:47:48+00:00","dateModified":"2022-10-17T09:46:35+00:00","mainEntityOfPage":{"@id":"https:\/\/observatori-igualtat.es\/nova-edicio-del-curs-violencies-sexuals\/"},"wordCount":38,"commentCount":0,"publisher":{"@id":"https:\/\/observatori-igualtat.es\/#organization"},"image":{"@id":"https:\/\/observatori-igualtat.es\/nova-edicio-del-curs-violencies-sexuals\/#primaryimage"},"thumbnailUrl":"https:\/\/observatori-igualtat.es\/wp-content\/uploads\/2022\/09\/curs-violencies-sexuals.jpg","articleSection":["Sin categorizar"],"inLanguage":"es","potentialAction":[{"@type":"CommentAction","name":"Comment","target":["https:\/\/observatori-igualtat.es\/nova-edicio-del-curs-violencies-sexuals\/#respond"]}]},{"@type":"WebPage","@id":"https:\/\/observatori-igualtat.es\/nova-edicio-del-curs-violencies-sexuals\/","url":"https:\/\/observatori-igualtat.es\/nova-edicio-del-curs-violencies-sexuals\/","name":"Nueva edici\u00f3n del curso VIOLENCIAS SEXUALES. - Observatori per a la igualtat","isPartOf":{"@id":"https:\/\/observatori-igualtat.es\/#website"},"primaryImageOfPage":{"@id":"https:\/\/observatori-igualtat.es\/nova-edicio-del-curs-violencies-sexuals\/#primaryimage"},"image":{"@id":"https:\/\/observatori-igualtat.es\/nova-edicio-del-curs-violencies-sexuals\/#primaryimage"},"thumbnailUrl":"https:\/\/observatori-igualtat.es\/wp-content\/uploads\/2022\/09\/curs-violencies-sexuals.jpg","datePublished":"2022-09-29T08:47:48+00:00","dateModified":"2022-10-17T09:46:35+00:00","breadcrumb":{"@id":"https:\/\/observatori-igualtat.es\/nova-edicio-del-curs-violencies-sexuals\/#breadcrumb"},"inLanguage":"es","potentialAction":[{"@type":"ReadAction","target":["https:\/\/observatori-igualtat.es\/nova-edicio-del-curs-violencies-sexuals\/"]}]},{"@type":"ImageObject","inLanguage":"es","@id":"https:\/\/observatori-igualtat.es\/nova-edicio-del-curs-violencies-sexuals\/#primaryimage","url":"https:\/\/observatori-igualtat.es\/wp-content\/uploads\/2022\/09\/curs-violencies-sexuals.jpg","contentUrl":"https:\/\/observatori-igualtat.es\/wp-content\/uploads\/2022\/09\/curs-violencies-sexuals.jpg","width":1280,"height":904},{"@type":"BreadcrumbList","@id":"https:\/\/observatori-igualtat.es\/nova-edicio-del-curs-violencies-sexuals\/#breadcrumb","itemListElement":[{"@type":"ListItem","position":1,"name":"Portada","item":"https:\/\/observatori-igualtat.es\/es\/"},{"@type":"ListItem","position":2,"name":"Nueva edici\u00f3n del curso VIOLENCIAS SEXUALES."}]},{"@type":"WebSite","@id":"https:\/\/observatori-igualtat.es\/#website","url":"https:\/\/observatori-igualtat.es\/","name":"Observatori per a la igualtat","description":"","publisher":{"@id":"https:\/\/observatori-igualtat.es\/#organization"},"potentialAction":[{"@type":"SearchAction","target":{"@type":"EntryPoint","urlTemplate":"https:\/\/observatori-igualtat.es\/?s={search_term_string}"},"query-input":{"@type":"PropertyValueSpecification","valueRequired":true,"valueName":"search_term_string"}}],"inLanguage":"es"},{"@type":"Organization","@id":"https:\/\/observatori-igualtat.es\/#organization","name":"Observatori per a la igualtat","url":"https:\/\/observatori-igualtat.es\/","logo":{"@type":"ImageObject","inLanguage":"es","@id":"https:\/\/observatori-igualtat.es\/#\/schema\/logo\/image\/","url":"https:\/\/observatori-igualtat.es\/wp-content\/uploads\/2021\/11\/cropped-lupa-icon.png","contentUrl":"https:\/\/observatori-igualtat.es\/wp-content\/uploads\/2021\/11\/cropped-lupa-icon.png","width":512,"height":512,"caption":"Observatori per a la igualtat"},"image":{"@id":"https:\/\/observatori-igualtat.es\/#\/schema\/logo\/image\/"},"sameAs":["https:\/\/www.facebook.com\/institutbaleardeladona","https:\/\/x.com\/IB_Dona","https:\/\/www.instagram.com\/ib_dona","https:\/\/www.youtube.com\/channel\/UC8SGWsVp4ABV3Ljo3rb_EGw"]},{"@type":"Person","@id":"https:\/\/observatori-igualtat.es\/#\/schema\/person\/dd01de9fe214c5f304f21c57563413a1","name":"Agn\u00e9s Rado","image":{"@type":"ImageObject","inLanguage":"es","@id":"https:\/\/observatori-igualtat.es\/#\/schema\/person\/image\/","url":"https:\/\/secure.gravatar.com\/avatar\/d2819353ff8e25dce62d33bf06648a754887fb373e2cf8e6d0e4929818cb4093?s=96&d=mm&r=g","contentUrl":"https:\/\/secure.gravatar.com\/avatar\/d2819353ff8e25dce62d33bf06648a754887fb373e2cf8e6d0e4929818cb4093?s=96&d=mm&r=g","caption":"Agn\u00e9s Rado"},"url":"https:\/\/observatori-igualtat.es\/es\/author\/agnes\/"}]}},"_links":{"self":[{"href":"https:\/\/observatori-igualtat.es\/es\/wp-json\/wp\/v2\/posts\/7683","targetHints":{"allow":["GET"]}}],"collection":[{"href":"https:\/\/observatori-igualtat.es\/es\/wp-json\/wp\/v2\/posts"}],"about":[{"href":"https:\/\/observatori-igualtat.es\/es\/wp-json\/wp\/v2\/types\/post"}],"author":[{"embeddable":true,"href":"https:\/\/observatori-igualtat.es\/es\/wp-json\/wp\/v2\/users\/2"}],"replies":[{"embeddable":true,"href":"https:\/\/observatori-igualtat.es\/es\/wp-json\/wp\/v2\/comments?post=7683"}],"version-history":[{"count":5,"href":"https:\/\/observatori-igualtat.es\/es\/wp-json\/wp\/v2\/posts\/7683\/revisions"}],"predecessor-version":[{"id":7746,"href":"https:\/\/observatori-igualtat.es\/es\/wp-json\/wp\/v2\/posts\/7683\/revisions\/7746"}],"wp:featuredmedia":[{"embeddable":true,"href":"https:\/\/observatori-igualtat.es\/es\/wp-json\/wp\/v2\/media\/7701"}],"wp:attachment":[{"href":"https:\/\/observatori-igualtat.es\/es\/wp-json\/wp\/v2\/media?parent=7683"}],"wp:term":[{"taxonomy":"category","embeddable":true,"href":"https:\/\/observatori-igualtat.es\/es\/wp-json\/wp\/v2\/categories?post=7683"},{"taxonomy":"post_tag","embeddable":true,"href":"https:\/\/observatori-igualtat.es\/es\/wp-json\/wp\/v2\/tags?post=7683"}],"curies":[{"name":"wp","href":"https:\/\/api.w.org\/{rel}","templated":true}]}}