{"id":8006,"date":"2022-11-08T12:35:08","date_gmt":"2022-11-08T11:35:08","guid":{"rendered":"https:\/\/observatori-igualtat.es\/?p=8006"},"modified":"2022-11-11T13:39:54","modified_gmt":"2022-11-11T12:39:54","slug":"quien-era-aurora-picornell-femenias","status":"publish","type":"post","link":"https:\/\/observatori-igualtat.es\/es\/quien-era-aurora-picornell-femenias\/","title":{"rendered":"Quien era Aurora Picornell\u00a0Femen\u00edas"},"content":{"rendered":"\t\t<div data-elementor-type=\"wp-post\" data-elementor-id=\"8006\" class=\"elementor elementor-8006 elementor-8004\" data-elementor-post-type=\"post\">\r\n\t\t\t\t\t\t<section class=\"elementor-section elementor-top-section elementor-element elementor-element-1fbfce3f elementor-section-boxed elementor-section-height-default elementor-section-height-default\" data-id=\"1fbfce3f\" data-element_type=\"section\">\r\n\t\t\t\t\t\t<div class=\"elementor-container elementor-column-gap-default\">\r\n\t\t\t\t\t<div class=\"elementor-column elementor-col-100 elementor-top-column elementor-element elementor-element-2df32ff2\" data-id=\"2df32ff2\" data-element_type=\"column\">\r\n\t\t\t<div class=\"elementor-widget-wrap elementor-element-populated\">\r\n\t\t\t\t\t\t<div class=\"elementor-element elementor-element-22a989dd elementor-widget elementor-widget-text-editor\" data-id=\"22a989dd\" data-element_type=\"widget\" data-widget_type=\"text-editor.default\">\r\n\t\t\t\t<div class=\"elementor-widget-container\">\r\n\t\t\t\t\t\t\t<p><\/p>\n<p><img fetchpriority=\"high\" decoding=\"async\" class=\"aligncenter wp-image-7962 size-medium\" src=\"https:\/\/observatori-igualtat.es\/wp-content\/uploads\/2022\/11\/Aurora-Picornell-300x272.jpg\" alt=\"\" width=\"300\" height=\"272\" srcset=\"https:\/\/observatori-igualtat.es\/wp-content\/uploads\/2022\/11\/Aurora-Picornell-300x272.jpg 300w, https:\/\/observatori-igualtat.es\/wp-content\/uploads\/2022\/11\/Aurora-Picornell-161x146.jpg 161w, https:\/\/observatori-igualtat.es\/wp-content\/uploads\/2022\/11\/Aurora-Picornell-50x45.jpg 50w, https:\/\/observatori-igualtat.es\/wp-content\/uploads\/2022\/11\/Aurora-Picornell-83x75.jpg 83w, https:\/\/observatori-igualtat.es\/wp-content\/uploads\/2022\/11\/Aurora-Picornell.jpg 567w\" sizes=\"(max-width:767px) 300px, 300px\" \/><\/p>\n<p><\/p>\n<p><img decoding=\"async\" class=\"emoji\" role=\"img\" draggable=\"false\" src=\"https:\/\/s.w.org\/images\/core\/emoji\/14.0.0\/svg\/27a1.svg\" alt=\"\u27a1\">Aurora Picornell Femen\u00edas naci\u00f3 en Palma el primero de octubre de 1912.<br><img decoding=\"async\" class=\"emoji\" role=\"img\" draggable=\"false\" src=\"https:\/\/s.w.org\/images\/core\/emoji\/14.0.0\/svg\/27a1.svg\" alt=\"\u27a1\">Palmesana del Molinar, casada y con una hija peque\u00f1a, era sastre de profesi\u00f3n.<br><img decoding=\"async\" class=\"emoji\" role=\"img\" draggable=\"false\" src=\"https:\/\/s.w.org\/images\/core\/emoji\/14.0.0\/svg\/27a1.svg\" alt=\"\u27a1\">Fue una de las dirigentes destacadas del Partido Comunista de Espa\u00f1a (PCE) en las Islas Baleares.<br><img decoding=\"async\" class=\"emoji\" role=\"img\" draggable=\"false\" src=\"https:\/\/s.w.org\/images\/core\/emoji\/14.0.0\/svg\/27a1.svg\" alt=\"\u27a1\">Sindicalista y feminista, particip\u00f3 en el primer D\u00eda de Mujer de Mallorca.<br><img decoding=\"async\" class=\"emoji\" role=\"img\" draggable=\"false\" src=\"https:\/\/s.w.org\/images\/core\/emoji\/14.0.0\/svg\/27a1.svg\" alt=\"\u27a1\">Contribuy\u00f3 a combatir el analfabetismo y particip\u00f3 en multitud de publicaciones antifascistas.<br><img decoding=\"async\" class=\"emoji\" role=\"img\" draggable=\"false\" src=\"https:\/\/s.w.org\/images\/core\/emoji\/14.0.0\/svg\/27a1.svg\" alt=\"\u27a1\">Fue detenida en la Casa del Pueblo de Palma y presa en la c\u00e1rcel de mujeres de la calle Sales.<br><img decoding=\"async\" class=\"emoji\" role=\"img\" draggable=\"false\" src=\"https:\/\/s.w.org\/images\/core\/emoji\/14.0.0\/svg\/27a1.svg\" alt=\"\u27a1\">En el a\u00f1o 2017, cuando se cumplieron 80 a\u00f1os de su asesinato, fue nombrada por unanimidad Hija Predilecta de la Isla de Mallorca.<br><img decoding=\"async\" class=\"emoji\" role=\"img\" draggable=\"false\" src=\"https:\/\/s.w.org\/images\/core\/emoji\/14.0.0\/svg\/27a1.svg\" alt=\"\u27a1\">Sus restos han sido encontrados este mes de octubre en una fosa com\u00fan del cementerio manacorense de Son Coletas.<\/p>\n<p><\/p>\t\t\t\t\t\t<\/div>\r\n\t\t\t\t<\/div>\r\n\t\t\t\t\t<\/div>\r\n\t\t<\/div>\r\n\t\t\t\t\t<\/div>\r\n\t\t<\/section>\r\n\t\t\t\t<\/div>\r\n\t\t","protected":false},"excerpt":{"rendered":"<p>Aurora Picornell Femen\u00edas naci\u00f3 en Palma el primero de octubre de 1912.Palmesana del Molinar, casada y con una hija peque\u00f1a, era sastre de profesi\u00f3n.Fue una de<span class=\"excerpt-hellip\"> [\u2026]<\/span><\/p>\n","protected":false},"author":2,"featured_media":7961,"comment_status":"open","ping_status":"open","sticky":false,"template":"","format":"standard","meta":{"inline_featured_image":false,"footnotes":""},"categories":[12],"tags":[],"class_list":["post-8006","post","type-post","status-publish","format-standard","has-post-thumbnail","hentry","category-sin-categorizar"],"yoast_head":"<!-- This site is optimized with the Yoast SEO plugin v26.9 - https:\/\/yoast.com\/product\/yoast-seo-wordpress\/ -->\n<title>Quien era Aurora Picornell\u00a0Femen\u00edas - Observatori per a la igualtat<\/title>\n<meta name=\"robots\" content=\"index, follow, max-snippet:-1, max-image-preview:large, max-video-preview:-1\" \/>\n<link rel=\"canonical\" href=\"https:\/\/observatori-igualtat.es\/qui-era-aurora-picornell-femenias\/\" \/>\n<meta property=\"og:locale\" content=\"es_ES\" \/>\n<meta property=\"og:type\" content=\"article\" \/>\n<meta property=\"og:title\" content=\"Quien era Aurora Picornell\u00a0Femen\u00edas - Observatori per a la igualtat\" \/>\n<meta property=\"og:description\" content=\"Aurora Picornell Femen\u00edas naci\u00f3 en Palma el primero de octubre de 1912.Palmesana del Molinar, casada y con una hija peque\u00f1a, era sastre de profesi\u00f3n.Fue una de [\u2026]\" \/>\n<meta property=\"og:url\" content=\"https:\/\/observatori-igualtat.es\/qui-era-aurora-picornell-femenias\/\" \/>\n<meta property=\"og:site_name\" content=\"Observatori per a la igualtat\" \/>\n<meta property=\"article:publisher\" content=\"https:\/\/www.facebook.com\/institutbaleardeladona\" \/>\n<meta property=\"article:published_time\" content=\"2022-11-08T11:35:08+00:00\" \/>\n<meta property=\"article:modified_time\" content=\"2022-11-11T12:39:54+00:00\" \/>\n<meta property=\"og:image\" content=\"https:\/\/observatori-igualtat.es\/wp-content\/uploads\/2022\/11\/Aurora-Picornell.jpg\" \/>\n\t<meta property=\"og:image:width\" content=\"567\" \/>\n\t<meta property=\"og:image:height\" content=\"514\" \/>\n\t<meta property=\"og:image:type\" content=\"image\/jpeg\" \/>\n<meta name=\"author\" content=\"Agn\u00e9s Rado\" \/>\n<meta name=\"twitter:card\" content=\"summary_large_image\" \/>\n<meta name=\"twitter:creator\" content=\"@IB_Dona\" \/>\n<meta name=\"twitter:site\" content=\"@IB_Dona\" \/>\n<meta name=\"twitter:label1\" content=\"Escrito por\" \/>\n\t<meta name=\"twitter:data1\" content=\"Agn\u00e9s Rado\" \/>\n\t<meta name=\"twitter:label2\" content=\"Tiempo de lectura\" \/>\n\t<meta name=\"twitter:data2\" content=\"1 minuto\" \/>\n<script type=\"application\/ld+json\" class=\"yoast-schema-graph\">{\"@context\":\"https:\/\/schema.org\",\"@graph\":[{\"@type\":\"Article\",\"@id\":\"https:\/\/observatori-igualtat.es\/qui-era-aurora-picornell-femenias\/#article\",\"isPartOf\":{\"@id\":\"https:\/\/observatori-igualtat.es\/qui-era-aurora-picornell-femenias\/\"},\"author\":{\"name\":\"Agn\u00e9s Rado\",\"@id\":\"https:\/\/observatori-igualtat.es\/#\/schema\/person\/dd01de9fe214c5f304f21c57563413a1\"},\"headline\":\"Quien era Aurora Picornell\u00a0Femen\u00edas\",\"datePublished\":\"2022-11-08T11:35:08+00:00\",\"dateModified\":\"2022-11-11T12:39:54+00:00\",\"mainEntityOfPage\":{\"@id\":\"https:\/\/observatori-igualtat.es\/qui-era-aurora-picornell-femenias\/\"},\"wordCount\":139,\"commentCount\":0,\"publisher\":{\"@id\":\"https:\/\/observatori-igualtat.es\/#organization\"},\"image\":{\"@id\":\"https:\/\/observatori-igualtat.es\/qui-era-aurora-picornell-femenias\/#primaryimage\"},\"thumbnailUrl\":\"https:\/\/observatori-igualtat.es\/wp-content\/uploads\/2022\/11\/Aurora-Picornell.jpg\",\"articleSection\":[\"Sin categorizar\"],\"inLanguage\":\"es\",\"potentialAction\":[{\"@type\":\"CommentAction\",\"name\":\"Comment\",\"target\":[\"https:\/\/observatori-igualtat.es\/qui-era-aurora-picornell-femenias\/#respond\"]}]},{\"@type\":\"WebPage\",\"@id\":\"https:\/\/observatori-igualtat.es\/qui-era-aurora-picornell-femenias\/\",\"url\":\"https:\/\/observatori-igualtat.es\/qui-era-aurora-picornell-femenias\/\",\"name\":\"Quien era Aurora Picornell\u00a0Femen\u00edas - Observatori per a la igualtat\",\"isPartOf\":{\"@id\":\"https:\/\/observatori-igualtat.es\/#website\"},\"primaryImageOfPage\":{\"@id\":\"https:\/\/observatori-igualtat.es\/qui-era-aurora-picornell-femenias\/#primaryimage\"},\"image\":{\"@id\":\"https:\/\/observatori-igualtat.es\/qui-era-aurora-picornell-femenias\/#primaryimage\"},\"thumbnailUrl\":\"https:\/\/observatori-igualtat.es\/wp-content\/uploads\/2022\/11\/Aurora-Picornell.jpg\",\"datePublished\":\"2022-11-08T11:35:08+00:00\",\"dateModified\":\"2022-11-11T12:39:54+00:00\",\"breadcrumb\":{\"@id\":\"https:\/\/observatori-igualtat.es\/qui-era-aurora-picornell-femenias\/#breadcrumb\"},\"inLanguage\":\"es\",\"potentialAction\":[{\"@type\":\"ReadAction\",\"target\":[\"https:\/\/observatori-igualtat.es\/qui-era-aurora-picornell-femenias\/\"]}]},{\"@type\":\"ImageObject\",\"inLanguage\":\"es\",\"@id\":\"https:\/\/observatori-igualtat.es\/qui-era-aurora-picornell-femenias\/#primaryimage\",\"url\":\"https:\/\/observatori-igualtat.es\/wp-content\/uploads\/2022\/11\/Aurora-Picornell.jpg\",\"contentUrl\":\"https:\/\/observatori-igualtat.es\/wp-content\/uploads\/2022\/11\/Aurora-Picornell.jpg\",\"width\":567,\"height\":514},{\"@type\":\"BreadcrumbList\",\"@id\":\"https:\/\/observatori-igualtat.es\/qui-era-aurora-picornell-femenias\/#breadcrumb\",\"itemListElement\":[{\"@type\":\"ListItem\",\"position\":1,\"name\":\"Portada\",\"item\":\"https:\/\/observatori-igualtat.es\/es\/\"},{\"@type\":\"ListItem\",\"position\":2,\"name\":\"Quien era Aurora Picornell\u00a0Femen\u00edas\"}]},{\"@type\":\"WebSite\",\"@id\":\"https:\/\/observatori-igualtat.es\/#website\",\"url\":\"https:\/\/observatori-igualtat.es\/\",\"name\":\"Observatori per a la igualtat\",\"description\":\"\",\"publisher\":{\"@id\":\"https:\/\/observatori-igualtat.es\/#organization\"},\"potentialAction\":[{\"@type\":\"SearchAction\",\"target\":{\"@type\":\"EntryPoint\",\"urlTemplate\":\"https:\/\/observatori-igualtat.es\/?s={search_term_string}\"},\"query-input\":{\"@type\":\"PropertyValueSpecification\",\"valueRequired\":true,\"valueName\":\"search_term_string\"}}],\"inLanguage\":\"es\"},{\"@type\":\"Organization\",\"@id\":\"https:\/\/observatori-igualtat.es\/#organization\",\"name\":\"Observatori per a la igualtat\",\"url\":\"https:\/\/observatori-igualtat.es\/\",\"logo\":{\"@type\":\"ImageObject\",\"inLanguage\":\"es\",\"@id\":\"https:\/\/observatori-igualtat.es\/#\/schema\/logo\/image\/\",\"url\":\"https:\/\/observatori-igualtat.es\/wp-content\/uploads\/2021\/11\/cropped-lupa-icon.png\",\"contentUrl\":\"https:\/\/observatori-igualtat.es\/wp-content\/uploads\/2021\/11\/cropped-lupa-icon.png\",\"width\":512,\"height\":512,\"caption\":\"Observatori per a la igualtat\"},\"image\":{\"@id\":\"https:\/\/observatori-igualtat.es\/#\/schema\/logo\/image\/\"},\"sameAs\":[\"https:\/\/www.facebook.com\/institutbaleardeladona\",\"https:\/\/x.com\/IB_Dona\",\"https:\/\/www.instagram.com\/ib_dona\",\"https:\/\/www.youtube.com\/channel\/UC8SGWsVp4ABV3Ljo3rb_EGw\"]},{\"@type\":\"Person\",\"@id\":\"https:\/\/observatori-igualtat.es\/#\/schema\/person\/dd01de9fe214c5f304f21c57563413a1\",\"name\":\"Agn\u00e9s Rado\",\"image\":{\"@type\":\"ImageObject\",\"inLanguage\":\"es\",\"@id\":\"https:\/\/observatori-igualtat.es\/#\/schema\/person\/image\/\",\"url\":\"https:\/\/secure.gravatar.com\/avatar\/d2819353ff8e25dce62d33bf06648a754887fb373e2cf8e6d0e4929818cb4093?s=96&d=mm&r=g\",\"contentUrl\":\"https:\/\/secure.gravatar.com\/avatar\/d2819353ff8e25dce62d33bf06648a754887fb373e2cf8e6d0e4929818cb4093?s=96&d=mm&r=g\",\"caption\":\"Agn\u00e9s Rado\"},\"url\":\"https:\/\/observatori-igualtat.es\/es\/author\/agnes\/\"}]}<\/script>\n<!-- \/ Yoast SEO plugin. -->","yoast_head_json":{"title":"Quien era Aurora Picornell\u00a0Femen\u00edas - Observatori per a la igualtat","robots":{"index":"index","follow":"follow","max-snippet":"max-snippet:-1","max-image-preview":"max-image-preview:large","max-video-preview":"max-video-preview:-1"},"canonical":"https:\/\/observatori-igualtat.es\/qui-era-aurora-picornell-femenias\/","og_locale":"es_ES","og_type":"article","og_title":"Quien era Aurora Picornell\u00a0Femen\u00edas - Observatori per a la igualtat","og_description":"Aurora Picornell Femen\u00edas naci\u00f3 en Palma el primero de octubre de 1912.Palmesana del Molinar, casada y con una hija peque\u00f1a, era sastre de profesi\u00f3n.Fue una de [\u2026]","og_url":"https:\/\/observatori-igualtat.es\/qui-era-aurora-picornell-femenias\/","og_site_name":"Observatori per a la igualtat","article_publisher":"https:\/\/www.facebook.com\/institutbaleardeladona","article_published_time":"2022-11-08T11:35:08+00:00","article_modified_time":"2022-11-11T12:39:54+00:00","og_image":[{"width":567,"height":514,"url":"https:\/\/observatori-igualtat.es\/wp-content\/uploads\/2022\/11\/Aurora-Picornell.jpg","type":"image\/jpeg"}],"author":"Agn\u00e9s Rado","twitter_card":"summary_large_image","twitter_creator":"@IB_Dona","twitter_site":"@IB_Dona","twitter_misc":{"Escrito por":"Agn\u00e9s Rado","Tiempo de lectura":"1 minuto"},"schema":{"@context":"https:\/\/schema.org","@graph":[{"@type":"Article","@id":"https:\/\/observatori-igualtat.es\/qui-era-aurora-picornell-femenias\/#article","isPartOf":{"@id":"https:\/\/observatori-igualtat.es\/qui-era-aurora-picornell-femenias\/"},"author":{"name":"Agn\u00e9s Rado","@id":"https:\/\/observatori-igualtat.es\/#\/schema\/person\/dd01de9fe214c5f304f21c57563413a1"},"headline":"Quien era Aurora Picornell\u00a0Femen\u00edas","datePublished":"2022-11-08T11:35:08+00:00","dateModified":"2022-11-11T12:39:54+00:00","mainEntityOfPage":{"@id":"https:\/\/observatori-igualtat.es\/qui-era-aurora-picornell-femenias\/"},"wordCount":139,"commentCount":0,"publisher":{"@id":"https:\/\/observatori-igualtat.es\/#organization"},"image":{"@id":"https:\/\/observatori-igualtat.es\/qui-era-aurora-picornell-femenias\/#primaryimage"},"thumbnailUrl":"https:\/\/observatori-igualtat.es\/wp-content\/uploads\/2022\/11\/Aurora-Picornell.jpg","articleSection":["Sin categorizar"],"inLanguage":"es","potentialAction":[{"@type":"CommentAction","name":"Comment","target":["https:\/\/observatori-igualtat.es\/qui-era-aurora-picornell-femenias\/#respond"]}]},{"@type":"WebPage","@id":"https:\/\/observatori-igualtat.es\/qui-era-aurora-picornell-femenias\/","url":"https:\/\/observatori-igualtat.es\/qui-era-aurora-picornell-femenias\/","name":"Quien era Aurora Picornell\u00a0Femen\u00edas - Observatori per a la igualtat","isPartOf":{"@id":"https:\/\/observatori-igualtat.es\/#website"},"primaryImageOfPage":{"@id":"https:\/\/observatori-igualtat.es\/qui-era-aurora-picornell-femenias\/#primaryimage"},"image":{"@id":"https:\/\/observatori-igualtat.es\/qui-era-aurora-picornell-femenias\/#primaryimage"},"thumbnailUrl":"https:\/\/observatori-igualtat.es\/wp-content\/uploads\/2022\/11\/Aurora-Picornell.jpg","datePublished":"2022-11-08T11:35:08+00:00","dateModified":"2022-11-11T12:39:54+00:00","breadcrumb":{"@id":"https:\/\/observatori-igualtat.es\/qui-era-aurora-picornell-femenias\/#breadcrumb"},"inLanguage":"es","potentialAction":[{"@type":"ReadAction","target":["https:\/\/observatori-igualtat.es\/qui-era-aurora-picornell-femenias\/"]}]},{"@type":"ImageObject","inLanguage":"es","@id":"https:\/\/observatori-igualtat.es\/qui-era-aurora-picornell-femenias\/#primaryimage","url":"https:\/\/observatori-igualtat.es\/wp-content\/uploads\/2022\/11\/Aurora-Picornell.jpg","contentUrl":"https:\/\/observatori-igualtat.es\/wp-content\/uploads\/2022\/11\/Aurora-Picornell.jpg","width":567,"height":514},{"@type":"BreadcrumbList","@id":"https:\/\/observatori-igualtat.es\/qui-era-aurora-picornell-femenias\/#breadcrumb","itemListElement":[{"@type":"ListItem","position":1,"name":"Portada","item":"https:\/\/observatori-igualtat.es\/es\/"},{"@type":"ListItem","position":2,"name":"Quien era Aurora Picornell\u00a0Femen\u00edas"}]},{"@type":"WebSite","@id":"https:\/\/observatori-igualtat.es\/#website","url":"https:\/\/observatori-igualtat.es\/","name":"Observatori per a la igualtat","description":"","publisher":{"@id":"https:\/\/observatori-igualtat.es\/#organization"},"potentialAction":[{"@type":"SearchAction","target":{"@type":"EntryPoint","urlTemplate":"https:\/\/observatori-igualtat.es\/?s={search_term_string}"},"query-input":{"@type":"PropertyValueSpecification","valueRequired":true,"valueName":"search_term_string"}}],"inLanguage":"es"},{"@type":"Organization","@id":"https:\/\/observatori-igualtat.es\/#organization","name":"Observatori per a la igualtat","url":"https:\/\/observatori-igualtat.es\/","logo":{"@type":"ImageObject","inLanguage":"es","@id":"https:\/\/observatori-igualtat.es\/#\/schema\/logo\/image\/","url":"https:\/\/observatori-igualtat.es\/wp-content\/uploads\/2021\/11\/cropped-lupa-icon.png","contentUrl":"https:\/\/observatori-igualtat.es\/wp-content\/uploads\/2021\/11\/cropped-lupa-icon.png","width":512,"height":512,"caption":"Observatori per a la igualtat"},"image":{"@id":"https:\/\/observatori-igualtat.es\/#\/schema\/logo\/image\/"},"sameAs":["https:\/\/www.facebook.com\/institutbaleardeladona","https:\/\/x.com\/IB_Dona","https:\/\/www.instagram.com\/ib_dona","https:\/\/www.youtube.com\/channel\/UC8SGWsVp4ABV3Ljo3rb_EGw"]},{"@type":"Person","@id":"https:\/\/observatori-igualtat.es\/#\/schema\/person\/dd01de9fe214c5f304f21c57563413a1","name":"Agn\u00e9s Rado","image":{"@type":"ImageObject","inLanguage":"es","@id":"https:\/\/observatori-igualtat.es\/#\/schema\/person\/image\/","url":"https:\/\/secure.gravatar.com\/avatar\/d2819353ff8e25dce62d33bf06648a754887fb373e2cf8e6d0e4929818cb4093?s=96&d=mm&r=g","contentUrl":"https:\/\/secure.gravatar.com\/avatar\/d2819353ff8e25dce62d33bf06648a754887fb373e2cf8e6d0e4929818cb4093?s=96&d=mm&r=g","caption":"Agn\u00e9s Rado"},"url":"https:\/\/observatori-igualtat.es\/es\/author\/agnes\/"}]}},"_links":{"self":[{"href":"https:\/\/observatori-igualtat.es\/es\/wp-json\/wp\/v2\/posts\/8006","targetHints":{"allow":["GET"]}}],"collection":[{"href":"https:\/\/observatori-igualtat.es\/es\/wp-json\/wp\/v2\/posts"}],"about":[{"href":"https:\/\/observatori-igualtat.es\/es\/wp-json\/wp\/v2\/types\/post"}],"author":[{"embeddable":true,"href":"https:\/\/observatori-igualtat.es\/es\/wp-json\/wp\/v2\/users\/2"}],"replies":[{"embeddable":true,"href":"https:\/\/observatori-igualtat.es\/es\/wp-json\/wp\/v2\/comments?post=8006"}],"version-history":[{"count":5,"href":"https:\/\/observatori-igualtat.es\/es\/wp-json\/wp\/v2\/posts\/8006\/revisions"}],"predecessor-version":[{"id":8050,"href":"https:\/\/observatori-igualtat.es\/es\/wp-json\/wp\/v2\/posts\/8006\/revisions\/8050"}],"wp:featuredmedia":[{"embeddable":true,"href":"https:\/\/observatori-igualtat.es\/es\/wp-json\/wp\/v2\/media\/7961"}],"wp:attachment":[{"href":"https:\/\/observatori-igualtat.es\/es\/wp-json\/wp\/v2\/media?parent=8006"}],"wp:term":[{"taxonomy":"category","embeddable":true,"href":"https:\/\/observatori-igualtat.es\/es\/wp-json\/wp\/v2\/categories?post=8006"},{"taxonomy":"post_tag","embeddable":true,"href":"https:\/\/observatori-igualtat.es\/es\/wp-json\/wp\/v2\/tags?post=8006"}],"curies":[{"name":"wp","href":"https:\/\/api.w.org\/{rel}","templated":true}]}}