{"id":8572,"date":"2023-01-30T10:10:50","date_gmt":"2023-01-30T09:10:50","guid":{"rendered":"https:\/\/observatori-igualtat.es\/informacion-y-acompanamiento-a-las-violencias-machistas\/"},"modified":"2023-01-30T12:59:26","modified_gmt":"2023-01-30T11:59:26","slug":"informacion-y-acompanamiento-a-las-violencias-machistas","status":"publish","type":"post","link":"https:\/\/observatori-igualtat.es\/es\/informacion-y-acompanamiento-a-las-violencias-machistas\/","title":{"rendered":"Informaci\u00f3n y acompa\u00f1amiento a las violencias machistas"},"content":{"rendered":"\t\t<div data-elementor-type=\"wp-post\" data-elementor-id=\"8572\" class=\"elementor elementor-8572 elementor-8561\" data-elementor-post-type=\"post\">\r\n\t\t\t\t\t\t<section class=\"elementor-section elementor-top-section elementor-element elementor-element-49789045 elementor-section-boxed elementor-section-height-default elementor-section-height-default\" data-id=\"49789045\" data-element_type=\"section\">\r\n\t\t\t\t\t\t<div class=\"elementor-container elementor-column-gap-default\">\r\n\t\t\t\t\t<div class=\"elementor-column elementor-col-100 elementor-top-column elementor-element elementor-element-3f764f58\" data-id=\"3f764f58\" data-element_type=\"column\">\r\n\t\t\t<div class=\"elementor-widget-wrap elementor-element-populated\">\r\n\t\t\t\t\t\t<div class=\"elementor-element elementor-element-b2d6cc elementor-widget elementor-widget-text-editor\" data-id=\"b2d6cc\" data-element_type=\"widget\" data-widget_type=\"text-editor.default\">\r\n\t\t\t\t<div class=\"elementor-widget-container\">\r\n\t\t\t\t\t\t\t<p><img fetchpriority=\"high\" decoding=\"async\" class=\"aligncenter wp-image-8564 size-medium\" src=\"https:\/\/observatori-igualtat.es\/wp-content\/uploads\/2023\/01\/S24H-300x300.jpg\" alt=\"\" width=\"300\" height=\"300\" srcset=\"https:\/\/observatori-igualtat.es\/wp-content\/uploads\/2023\/01\/S24H-300x300.jpg 300w, https:\/\/observatori-igualtat.es\/wp-content\/uploads\/2023\/01\/S24H-1024x1024.jpg 1024w, https:\/\/observatori-igualtat.es\/wp-content\/uploads\/2023\/01\/S24H-150x150.jpg 150w, https:\/\/observatori-igualtat.es\/wp-content\/uploads\/2023\/01\/S24H-768x768.jpg 768w, https:\/\/observatori-igualtat.es\/wp-content\/uploads\/2023\/01\/S24H-146x146.jpg 146w, https:\/\/observatori-igualtat.es\/wp-content\/uploads\/2023\/01\/S24H-50x50.jpg 50w, https:\/\/observatori-igualtat.es\/wp-content\/uploads\/2023\/01\/S24H-75x75.jpg 75w, https:\/\/observatori-igualtat.es\/wp-content\/uploads\/2023\/01\/S24H-85x85.jpg 85w, https:\/\/observatori-igualtat.es\/wp-content\/uploads\/2023\/01\/S24H-80x80.jpg 80w, https:\/\/observatori-igualtat.es\/wp-content\/uploads\/2023\/01\/S24H.jpg 1080w\" sizes=\"(max-width:767px) 300px, 300px\" \/><\/p>\n<p>El #servicio<span class=\"hiddenGrammarError\">24h<\/span>\u00a0del\u00a0<span class=\"hiddenSpellError\">IBDona<\/span>\u00a0es un servicio espec\u00edfico de atenci\u00f3n social a las violencias machistas y de acompa\u00f1amiento a las v\u00edctimas, que se presta las 24 horas del d\u00eda, durante los 365 d\u00edas del a\u00f1o, para todas les\u00a0<span class=\"hiddenSpellError\">Illes<\/span>\u00a0<span class=\"hiddenSpellError\">Balears<\/span>.<\/p>\n<p>El #servicio<span class=\"hiddenGrammarError\">24h<\/span>\u00a0del\u00a0<span class=\"hiddenSpellError\">IBdona<\/span>\u00a0ofrece:<\/p>\n<p>Atenci\u00f3n y acompa\u00f1amiento telef\u00f3nico ante situaciones de emergencia por violencia machista<br \/>\nInformaci\u00f3n, orientaci\u00f3n y asesoramiento social<br \/>\nDerivaci\u00f3n a los recursos especializados adecuados<br \/>\nAcompa\u00f1amientos presenciales<\/p>\n<p>Tel\u00e9fono: 971 17 89 89<\/p>\n<p>Whatsapp: 639 837 476<\/p>\n\t\t\t\t\t\t<\/div>\r\n\t\t\t\t<\/div>\r\n\t\t\t\t\t<\/div>\r\n\t\t<\/div>\r\n\t\t\t\t\t<\/div>\r\n\t\t<\/section>\r\n\t\t\t\t<\/div>\r\n\t\t","protected":false},"excerpt":{"rendered":"<p>El #servicio24h\u00a0del\u00a0IBDona\u00a0es un servicio espec\u00edfico de atenci\u00f3n social a las violencias machistas y de acompa\u00f1amiento a las v\u00edctimas, que se presta las 24 horas del d\u00eda,<span class=\"excerpt-hellip\"> [\u2026]<\/span><\/p>\n","protected":false},"author":2,"featured_media":8564,"comment_status":"open","ping_status":"open","sticky":false,"template":"","format":"standard","meta":{"inline_featured_image":false,"footnotes":""},"categories":[12],"tags":[],"class_list":["post-8572","post","type-post","status-publish","format-standard","has-post-thumbnail","hentry","category-sin-categorizar"],"yoast_head":"<!-- This site is optimized with the Yoast SEO plugin v26.9 - https:\/\/yoast.com\/product\/yoast-seo-wordpress\/ -->\n<title>Informaci\u00f3n y acompa\u00f1amiento a las violencias machistas - Observatori per a la igualtat<\/title>\n<meta name=\"robots\" content=\"index, follow, max-snippet:-1, max-image-preview:large, max-video-preview:-1\" \/>\n<link rel=\"canonical\" href=\"https:\/\/observatori-igualtat.es\/informacio-i-acompanyament-a-les-violencies-masclistes\/\" \/>\n<meta property=\"og:locale\" content=\"es_ES\" \/>\n<meta property=\"og:type\" content=\"article\" \/>\n<meta property=\"og:title\" content=\"Informaci\u00f3n y acompa\u00f1amiento a las violencias machistas - Observatori per a la igualtat\" \/>\n<meta property=\"og:description\" content=\"El #servicio24h\u00a0del\u00a0IBDona\u00a0es un servicio espec\u00edfico de atenci\u00f3n social a las violencias machistas y de acompa\u00f1amiento a las v\u00edctimas, que se presta las 24 horas del d\u00eda, [\u2026]\" \/>\n<meta property=\"og:url\" content=\"https:\/\/observatori-igualtat.es\/informacio-i-acompanyament-a-les-violencies-masclistes\/\" \/>\n<meta property=\"og:site_name\" content=\"Observatori per a la igualtat\" \/>\n<meta property=\"article:publisher\" content=\"https:\/\/www.facebook.com\/institutbaleardeladona\" \/>\n<meta property=\"article:published_time\" content=\"2023-01-30T09:10:50+00:00\" \/>\n<meta property=\"article:modified_time\" content=\"2023-01-30T11:59:26+00:00\" \/>\n<meta property=\"og:image\" content=\"https:\/\/observatori-igualtat.es\/wp-content\/uploads\/2023\/01\/S24H.jpg\" \/>\n\t<meta property=\"og:image:width\" content=\"1080\" \/>\n\t<meta property=\"og:image:height\" content=\"1080\" \/>\n\t<meta property=\"og:image:type\" content=\"image\/jpeg\" \/>\n<meta name=\"author\" content=\"Agn\u00e9s Rado\" \/>\n<meta name=\"twitter:card\" content=\"summary_large_image\" \/>\n<meta name=\"twitter:creator\" content=\"@IB_Dona\" \/>\n<meta name=\"twitter:site\" content=\"@IB_Dona\" \/>\n<meta name=\"twitter:label1\" content=\"Escrito por\" \/>\n\t<meta name=\"twitter:data1\" content=\"Agn\u00e9s Rado\" \/>\n<script type=\"application\/ld+json\" class=\"yoast-schema-graph\">{\"@context\":\"https:\/\/schema.org\",\"@graph\":[{\"@type\":\"Article\",\"@id\":\"https:\/\/observatori-igualtat.es\/informacio-i-acompanyament-a-les-violencies-masclistes\/#article\",\"isPartOf\":{\"@id\":\"https:\/\/observatori-igualtat.es\/informacio-i-acompanyament-a-les-violencies-masclistes\/\"},\"author\":{\"name\":\"Agn\u00e9s Rado\",\"@id\":\"https:\/\/observatori-igualtat.es\/#\/schema\/person\/dd01de9fe214c5f304f21c57563413a1\"},\"headline\":\"Informaci\u00f3n y acompa\u00f1amiento a las violencias machistas\",\"datePublished\":\"2023-01-30T09:10:50+00:00\",\"dateModified\":\"2023-01-30T11:59:26+00:00\",\"mainEntityOfPage\":{\"@id\":\"https:\/\/observatori-igualtat.es\/informacio-i-acompanyament-a-les-violencies-masclistes\/\"},\"wordCount\":95,\"commentCount\":0,\"publisher\":{\"@id\":\"https:\/\/observatori-igualtat.es\/#organization\"},\"image\":{\"@id\":\"https:\/\/observatori-igualtat.es\/informacio-i-acompanyament-a-les-violencies-masclistes\/#primaryimage\"},\"thumbnailUrl\":\"https:\/\/observatori-igualtat.es\/wp-content\/uploads\/2023\/01\/S24H.jpg\",\"articleSection\":[\"Sin categorizar\"],\"inLanguage\":\"es\",\"potentialAction\":[{\"@type\":\"CommentAction\",\"name\":\"Comment\",\"target\":[\"https:\/\/observatori-igualtat.es\/informacio-i-acompanyament-a-les-violencies-masclistes\/#respond\"]}]},{\"@type\":\"WebPage\",\"@id\":\"https:\/\/observatori-igualtat.es\/informacio-i-acompanyament-a-les-violencies-masclistes\/\",\"url\":\"https:\/\/observatori-igualtat.es\/informacio-i-acompanyament-a-les-violencies-masclistes\/\",\"name\":\"Informaci\u00f3n y acompa\u00f1amiento a las violencias machistas - Observatori per a la igualtat\",\"isPartOf\":{\"@id\":\"https:\/\/observatori-igualtat.es\/#website\"},\"primaryImageOfPage\":{\"@id\":\"https:\/\/observatori-igualtat.es\/informacio-i-acompanyament-a-les-violencies-masclistes\/#primaryimage\"},\"image\":{\"@id\":\"https:\/\/observatori-igualtat.es\/informacio-i-acompanyament-a-les-violencies-masclistes\/#primaryimage\"},\"thumbnailUrl\":\"https:\/\/observatori-igualtat.es\/wp-content\/uploads\/2023\/01\/S24H.jpg\",\"datePublished\":\"2023-01-30T09:10:50+00:00\",\"dateModified\":\"2023-01-30T11:59:26+00:00\",\"breadcrumb\":{\"@id\":\"https:\/\/observatori-igualtat.es\/informacio-i-acompanyament-a-les-violencies-masclistes\/#breadcrumb\"},\"inLanguage\":\"es\",\"potentialAction\":[{\"@type\":\"ReadAction\",\"target\":[\"https:\/\/observatori-igualtat.es\/informacio-i-acompanyament-a-les-violencies-masclistes\/\"]}]},{\"@type\":\"ImageObject\",\"inLanguage\":\"es\",\"@id\":\"https:\/\/observatori-igualtat.es\/informacio-i-acompanyament-a-les-violencies-masclistes\/#primaryimage\",\"url\":\"https:\/\/observatori-igualtat.es\/wp-content\/uploads\/2023\/01\/S24H.jpg\",\"contentUrl\":\"https:\/\/observatori-igualtat.es\/wp-content\/uploads\/2023\/01\/S24H.jpg\",\"width\":1080,\"height\":1080},{\"@type\":\"BreadcrumbList\",\"@id\":\"https:\/\/observatori-igualtat.es\/informacio-i-acompanyament-a-les-violencies-masclistes\/#breadcrumb\",\"itemListElement\":[{\"@type\":\"ListItem\",\"position\":1,\"name\":\"Portada\",\"item\":\"https:\/\/observatori-igualtat.es\/es\/\"},{\"@type\":\"ListItem\",\"position\":2,\"name\":\"Informaci\u00f3n y acompa\u00f1amiento a las violencias machistas\"}]},{\"@type\":\"WebSite\",\"@id\":\"https:\/\/observatori-igualtat.es\/#website\",\"url\":\"https:\/\/observatori-igualtat.es\/\",\"name\":\"Observatori per a la igualtat\",\"description\":\"\",\"publisher\":{\"@id\":\"https:\/\/observatori-igualtat.es\/#organization\"},\"potentialAction\":[{\"@type\":\"SearchAction\",\"target\":{\"@type\":\"EntryPoint\",\"urlTemplate\":\"https:\/\/observatori-igualtat.es\/?s={search_term_string}\"},\"query-input\":{\"@type\":\"PropertyValueSpecification\",\"valueRequired\":true,\"valueName\":\"search_term_string\"}}],\"inLanguage\":\"es\"},{\"@type\":\"Organization\",\"@id\":\"https:\/\/observatori-igualtat.es\/#organization\",\"name\":\"Observatori per a la igualtat\",\"url\":\"https:\/\/observatori-igualtat.es\/\",\"logo\":{\"@type\":\"ImageObject\",\"inLanguage\":\"es\",\"@id\":\"https:\/\/observatori-igualtat.es\/#\/schema\/logo\/image\/\",\"url\":\"https:\/\/observatori-igualtat.es\/wp-content\/uploads\/2021\/11\/cropped-lupa-icon.png\",\"contentUrl\":\"https:\/\/observatori-igualtat.es\/wp-content\/uploads\/2021\/11\/cropped-lupa-icon.png\",\"width\":512,\"height\":512,\"caption\":\"Observatori per a la igualtat\"},\"image\":{\"@id\":\"https:\/\/observatori-igualtat.es\/#\/schema\/logo\/image\/\"},\"sameAs\":[\"https:\/\/www.facebook.com\/institutbaleardeladona\",\"https:\/\/x.com\/IB_Dona\",\"https:\/\/www.instagram.com\/ib_dona\",\"https:\/\/www.youtube.com\/channel\/UC8SGWsVp4ABV3Ljo3rb_EGw\"]},{\"@type\":\"Person\",\"@id\":\"https:\/\/observatori-igualtat.es\/#\/schema\/person\/dd01de9fe214c5f304f21c57563413a1\",\"name\":\"Agn\u00e9s Rado\",\"image\":{\"@type\":\"ImageObject\",\"inLanguage\":\"es\",\"@id\":\"https:\/\/observatori-igualtat.es\/#\/schema\/person\/image\/\",\"url\":\"https:\/\/secure.gravatar.com\/avatar\/d2819353ff8e25dce62d33bf06648a754887fb373e2cf8e6d0e4929818cb4093?s=96&d=mm&r=g\",\"contentUrl\":\"https:\/\/secure.gravatar.com\/avatar\/d2819353ff8e25dce62d33bf06648a754887fb373e2cf8e6d0e4929818cb4093?s=96&d=mm&r=g\",\"caption\":\"Agn\u00e9s Rado\"},\"url\":\"https:\/\/observatori-igualtat.es\/es\/author\/agnes\/\"}]}<\/script>\n<!-- \/ Yoast SEO plugin. -->","yoast_head_json":{"title":"Informaci\u00f3n y acompa\u00f1amiento a las violencias machistas - Observatori per a la igualtat","robots":{"index":"index","follow":"follow","max-snippet":"max-snippet:-1","max-image-preview":"max-image-preview:large","max-video-preview":"max-video-preview:-1"},"canonical":"https:\/\/observatori-igualtat.es\/informacio-i-acompanyament-a-les-violencies-masclistes\/","og_locale":"es_ES","og_type":"article","og_title":"Informaci\u00f3n y acompa\u00f1amiento a las violencias machistas - Observatori per a la igualtat","og_description":"El #servicio24h\u00a0del\u00a0IBDona\u00a0es un servicio espec\u00edfico de atenci\u00f3n social a las violencias machistas y de acompa\u00f1amiento a las v\u00edctimas, que se presta las 24 horas del d\u00eda, [\u2026]","og_url":"https:\/\/observatori-igualtat.es\/informacio-i-acompanyament-a-les-violencies-masclistes\/","og_site_name":"Observatori per a la igualtat","article_publisher":"https:\/\/www.facebook.com\/institutbaleardeladona","article_published_time":"2023-01-30T09:10:50+00:00","article_modified_time":"2023-01-30T11:59:26+00:00","og_image":[{"width":1080,"height":1080,"url":"https:\/\/observatori-igualtat.es\/wp-content\/uploads\/2023\/01\/S24H.jpg","type":"image\/jpeg"}],"author":"Agn\u00e9s Rado","twitter_card":"summary_large_image","twitter_creator":"@IB_Dona","twitter_site":"@IB_Dona","twitter_misc":{"Escrito por":"Agn\u00e9s Rado"},"schema":{"@context":"https:\/\/schema.org","@graph":[{"@type":"Article","@id":"https:\/\/observatori-igualtat.es\/informacio-i-acompanyament-a-les-violencies-masclistes\/#article","isPartOf":{"@id":"https:\/\/observatori-igualtat.es\/informacio-i-acompanyament-a-les-violencies-masclistes\/"},"author":{"name":"Agn\u00e9s Rado","@id":"https:\/\/observatori-igualtat.es\/#\/schema\/person\/dd01de9fe214c5f304f21c57563413a1"},"headline":"Informaci\u00f3n y acompa\u00f1amiento a las violencias machistas","datePublished":"2023-01-30T09:10:50+00:00","dateModified":"2023-01-30T11:59:26+00:00","mainEntityOfPage":{"@id":"https:\/\/observatori-igualtat.es\/informacio-i-acompanyament-a-les-violencies-masclistes\/"},"wordCount":95,"commentCount":0,"publisher":{"@id":"https:\/\/observatori-igualtat.es\/#organization"},"image":{"@id":"https:\/\/observatori-igualtat.es\/informacio-i-acompanyament-a-les-violencies-masclistes\/#primaryimage"},"thumbnailUrl":"https:\/\/observatori-igualtat.es\/wp-content\/uploads\/2023\/01\/S24H.jpg","articleSection":["Sin categorizar"],"inLanguage":"es","potentialAction":[{"@type":"CommentAction","name":"Comment","target":["https:\/\/observatori-igualtat.es\/informacio-i-acompanyament-a-les-violencies-masclistes\/#respond"]}]},{"@type":"WebPage","@id":"https:\/\/observatori-igualtat.es\/informacio-i-acompanyament-a-les-violencies-masclistes\/","url":"https:\/\/observatori-igualtat.es\/informacio-i-acompanyament-a-les-violencies-masclistes\/","name":"Informaci\u00f3n y acompa\u00f1amiento a las violencias machistas - Observatori per a la igualtat","isPartOf":{"@id":"https:\/\/observatori-igualtat.es\/#website"},"primaryImageOfPage":{"@id":"https:\/\/observatori-igualtat.es\/informacio-i-acompanyament-a-les-violencies-masclistes\/#primaryimage"},"image":{"@id":"https:\/\/observatori-igualtat.es\/informacio-i-acompanyament-a-les-violencies-masclistes\/#primaryimage"},"thumbnailUrl":"https:\/\/observatori-igualtat.es\/wp-content\/uploads\/2023\/01\/S24H.jpg","datePublished":"2023-01-30T09:10:50+00:00","dateModified":"2023-01-30T11:59:26+00:00","breadcrumb":{"@id":"https:\/\/observatori-igualtat.es\/informacio-i-acompanyament-a-les-violencies-masclistes\/#breadcrumb"},"inLanguage":"es","potentialAction":[{"@type":"ReadAction","target":["https:\/\/observatori-igualtat.es\/informacio-i-acompanyament-a-les-violencies-masclistes\/"]}]},{"@type":"ImageObject","inLanguage":"es","@id":"https:\/\/observatori-igualtat.es\/informacio-i-acompanyament-a-les-violencies-masclistes\/#primaryimage","url":"https:\/\/observatori-igualtat.es\/wp-content\/uploads\/2023\/01\/S24H.jpg","contentUrl":"https:\/\/observatori-igualtat.es\/wp-content\/uploads\/2023\/01\/S24H.jpg","width":1080,"height":1080},{"@type":"BreadcrumbList","@id":"https:\/\/observatori-igualtat.es\/informacio-i-acompanyament-a-les-violencies-masclistes\/#breadcrumb","itemListElement":[{"@type":"ListItem","position":1,"name":"Portada","item":"https:\/\/observatori-igualtat.es\/es\/"},{"@type":"ListItem","position":2,"name":"Informaci\u00f3n y acompa\u00f1amiento a las violencias machistas"}]},{"@type":"WebSite","@id":"https:\/\/observatori-igualtat.es\/#website","url":"https:\/\/observatori-igualtat.es\/","name":"Observatori per a la igualtat","description":"","publisher":{"@id":"https:\/\/observatori-igualtat.es\/#organization"},"potentialAction":[{"@type":"SearchAction","target":{"@type":"EntryPoint","urlTemplate":"https:\/\/observatori-igualtat.es\/?s={search_term_string}"},"query-input":{"@type":"PropertyValueSpecification","valueRequired":true,"valueName":"search_term_string"}}],"inLanguage":"es"},{"@type":"Organization","@id":"https:\/\/observatori-igualtat.es\/#organization","name":"Observatori per a la igualtat","url":"https:\/\/observatori-igualtat.es\/","logo":{"@type":"ImageObject","inLanguage":"es","@id":"https:\/\/observatori-igualtat.es\/#\/schema\/logo\/image\/","url":"https:\/\/observatori-igualtat.es\/wp-content\/uploads\/2021\/11\/cropped-lupa-icon.png","contentUrl":"https:\/\/observatori-igualtat.es\/wp-content\/uploads\/2021\/11\/cropped-lupa-icon.png","width":512,"height":512,"caption":"Observatori per a la igualtat"},"image":{"@id":"https:\/\/observatori-igualtat.es\/#\/schema\/logo\/image\/"},"sameAs":["https:\/\/www.facebook.com\/institutbaleardeladona","https:\/\/x.com\/IB_Dona","https:\/\/www.instagram.com\/ib_dona","https:\/\/www.youtube.com\/channel\/UC8SGWsVp4ABV3Ljo3rb_EGw"]},{"@type":"Person","@id":"https:\/\/observatori-igualtat.es\/#\/schema\/person\/dd01de9fe214c5f304f21c57563413a1","name":"Agn\u00e9s Rado","image":{"@type":"ImageObject","inLanguage":"es","@id":"https:\/\/observatori-igualtat.es\/#\/schema\/person\/image\/","url":"https:\/\/secure.gravatar.com\/avatar\/d2819353ff8e25dce62d33bf06648a754887fb373e2cf8e6d0e4929818cb4093?s=96&d=mm&r=g","contentUrl":"https:\/\/secure.gravatar.com\/avatar\/d2819353ff8e25dce62d33bf06648a754887fb373e2cf8e6d0e4929818cb4093?s=96&d=mm&r=g","caption":"Agn\u00e9s Rado"},"url":"https:\/\/observatori-igualtat.es\/es\/author\/agnes\/"}]}},"_links":{"self":[{"href":"https:\/\/observatori-igualtat.es\/es\/wp-json\/wp\/v2\/posts\/8572","targetHints":{"allow":["GET"]}}],"collection":[{"href":"https:\/\/observatori-igualtat.es\/es\/wp-json\/wp\/v2\/posts"}],"about":[{"href":"https:\/\/observatori-igualtat.es\/es\/wp-json\/wp\/v2\/types\/post"}],"author":[{"embeddable":true,"href":"https:\/\/observatori-igualtat.es\/es\/wp-json\/wp\/v2\/users\/2"}],"replies":[{"embeddable":true,"href":"https:\/\/observatori-igualtat.es\/es\/wp-json\/wp\/v2\/comments?post=8572"}],"version-history":[{"count":5,"href":"https:\/\/observatori-igualtat.es\/es\/wp-json\/wp\/v2\/posts\/8572\/revisions"}],"predecessor-version":[{"id":8580,"href":"https:\/\/observatori-igualtat.es\/es\/wp-json\/wp\/v2\/posts\/8572\/revisions\/8580"}],"wp:featuredmedia":[{"embeddable":true,"href":"https:\/\/observatori-igualtat.es\/es\/wp-json\/wp\/v2\/media\/8564"}],"wp:attachment":[{"href":"https:\/\/observatori-igualtat.es\/es\/wp-json\/wp\/v2\/media?parent=8572"}],"wp:term":[{"taxonomy":"category","embeddable":true,"href":"https:\/\/observatori-igualtat.es\/es\/wp-json\/wp\/v2\/categories?post=8572"},{"taxonomy":"post_tag","embeddable":true,"href":"https:\/\/observatori-igualtat.es\/es\/wp-json\/wp\/v2\/tags?post=8572"}],"curies":[{"name":"wp","href":"https:\/\/api.w.org\/{rel}","templated":true}]}}